{"id":1716,"date":"2012-06-17T15:55:15","date_gmt":"2012-06-17T14:55:15","guid":{"rendered":"http:\/\/www.mfoto.es\/noticias\/?p=1716"},"modified":"2012-06-19T18:51:17","modified_gmt":"2012-06-19T17:51:17","slug":"victoria-de-fuster-en-el-rallye-de-ourense","status":"publish","type":"post","link":"https:\/\/www.mfoto.es\/noticias\/?p=1716","title":{"rendered":"Victoria de Fuster en el Rallye de Ourense"},"content":{"rendered":"<p><img loading=\"lazy\" decoding=\"async\" class=\"alignleft\" src=\"https:\/\/www.mfoto.es\/logos\/foto.gif\" alt=\"\" width=\"50\" height=\"36\" \/><\/p>\n<p><strong><a href=\"https:\/\/www.mfoto.es\/fotos\/2012\/016_ourense\/\">FOTOS RALLYE DE OURENSE<\/a><\/strong><\/p>\n<p><img loading=\"lazy\" decoding=\"async\" class=\"alignnone size-full wp-image-1717\" title=\"031_fuster_ourense\" src=\"https:\/\/www.mfoto.es\/noticias\/wp-content\/uploads_2012\/031_fuster_ourense.jpg\" alt=\"\" width=\"450\" height=\"300\" srcset=\"https:\/\/www.mfoto.es\/noticias\/wp-content\/uploads_2012\/031_fuster_ourense.jpg 450w, https:\/\/www.mfoto.es\/noticias\/wp-content\/uploads_2012\/031_fuster_ourense-300x200.jpg 300w\" sizes=\"auto, (max-width: 450px) 100vw, 450px\" \/><\/p>\n<p>A pesar de la lluvia que cay\u00f3 en Ourense a primera hora del s\u00e1bado, Miguel Fuster con el Porsche 911 GT3, empez\u00f3 marcando los mejores tiempos desde el tramo espect\u00e1culo del viernes y acumulando una ventaja que al final le llev\u00f3 hasta la victoria. La segunda plaza era para Xevi Pons con el Ford Fiesta Proto del equipo Calm, a 1:24, y la tercera plaza del podio era in extremis para el gallego V\u00edctor Senra tras aguantar por s\u00f3lo dos d\u00e9cimas el ataque de Alberto Hevia con el Skoda Fabia S2000.<\/p>\n<p>En las copas de promoci\u00f3n, repet\u00edan victoria Pablo Paz\u00f3 en la Copa Suzuki, Pedro Freire en el Trofeo Suzuki y V\u00edctor Senra en la Mitsubishi Evo Cup, mientras que la Challenge Twingo era dominada con gran ventaja por el madrile\u00f1o Alberto Monarri.<\/p>\n<p>Terminaron 36 equipos de los 60 que tomaron la salida.<\/p>\n<p><em>Clasificaci\u00f3n:<\/em><br \/>\n1\u00ba Fuster-Avi\u00f1o (Porsche 911 GT3) 2:15:23.2<br \/>\n2\u00ba Pons-Juli\u00e1 (Ford Fiesta N1) a 1:24.6<br \/>\n3\u00ba Senra-V\u00e1zquez (Mitsubishi Evo X) a 1:55.0<br \/>\n4\u00ba Hevia-Iglesias (Skoda Fabia S2000) 1:55.2<br \/>\n5\u00ba Vallejo-Vallejo (Porsche 911 GT3) a 2:35.7<\/p>\n","protected":false},"excerpt":{"rendered":"<p>FOTOS RALLYE DE OURENSE A pesar de la lluvia que cay\u00f3 en Ourense a primera hora del s\u00e1bado, Miguel Fuster con el Porsche 911 GT3, empez\u00f3 marcando los mejores tiempos desde el tramo espect\u00e1culo del viernes y acumulando una ventaja que al final le llev\u00f3 hasta la victoria. La segunda plaza era para Xevi Pons [&hellip;]<\/p>\n","protected":false},"author":1,"featured_media":0,"comment_status":"closed","ping_status":"closed","sticky":false,"template":"","format":"standard","meta":{"footnotes":""},"categories":[68,64,5,4],"tags":[],"class_list":["post-1716","post","type-post","status-publish","format-standard","hentry","category-fuster","category-galicia","category-nacional","category-rallyes"],"_links":{"self":[{"href":"https:\/\/www.mfoto.es\/noticias\/index.php?rest_route=\/wp\/v2\/posts\/1716","targetHints":{"allow":["GET"]}}],"collection":[{"href":"https:\/\/www.mfoto.es\/noticias\/index.php?rest_route=\/wp\/v2\/posts"}],"about":[{"href":"https:\/\/www.mfoto.es\/noticias\/index.php?rest_route=\/wp\/v2\/types\/post"}],"author":[{"embeddable":true,"href":"https:\/\/www.mfoto.es\/noticias\/index.php?rest_route=\/wp\/v2\/users\/1"}],"replies":[{"embeddable":true,"href":"https:\/\/www.mfoto.es\/noticias\/index.php?rest_route=%2Fwp%2Fv2%2Fcomments&post=1716"}],"version-history":[{"count":4,"href":"https:\/\/www.mfoto.es\/noticias\/index.php?rest_route=\/wp\/v2\/posts\/1716\/revisions"}],"predecessor-version":[{"id":1721,"href":"https:\/\/www.mfoto.es\/noticias\/index.php?rest_route=\/wp\/v2\/posts\/1716\/revisions\/1721"}],"wp:attachment":[{"href":"https:\/\/www.mfoto.es\/noticias\/index.php?rest_route=%2Fwp%2Fv2%2Fmedia&parent=1716"}],"wp:term":[{"taxonomy":"category","embeddable":true,"href":"https:\/\/www.mfoto.es\/noticias\/index.php?rest_route=%2Fwp%2Fv2%2Fcategories&post=1716"},{"taxonomy":"post_tag","embeddable":true,"href":"https:\/\/www.mfoto.es\/noticias\/index.php?rest_route=%2Fwp%2Fv2%2Ftags&post=1716"}],"curies":[{"name":"wp","href":"https:\/\/api.w.org\/{rel}","templated":true}]}}