{"id":1711,"date":"2012-06-14T10:04:02","date_gmt":"2012-06-14T09:04:02","guid":{"rendered":"http:\/\/www.mfoto.es\/noticias\/?p=1711"},"modified":"2012-06-14T10:04:02","modified_gmt":"2012-06-14T09:04:02","slug":"el-rallye-de-ourense-con-tres-equipos-vascos-inscritos","status":"publish","type":"post","link":"https:\/\/www.mfoto.es\/noticias\/?p=1711","title":{"rendered":"El Rallye de Ourense con tres equipos vascos inscritos"},"content":{"rendered":"<p><img loading=\"lazy\" decoding=\"async\" class=\"alignnone size-full wp-image-1712\" title=\"030_echave_ourense\" src=\"https:\/\/www.mfoto.es\/noticias\/wp-content\/uploads_2012\/030_echave_ourense.jpg\" alt=\"\" width=\"450\" height=\"300\" srcset=\"https:\/\/www.mfoto.es\/noticias\/wp-content\/uploads_2012\/030_echave_ourense.jpg 450w, https:\/\/www.mfoto.es\/noticias\/wp-content\/uploads_2012\/030_echave_ourense-300x200.jpg 300w\" sizes=\"auto, (max-width: 450px) 100vw, 450px\" \/><\/p>\n<p>Los d\u00edas 15 y 16 de Junio se celebra la 45 edici\u00f3n del Rallye de Ourense, cuarta prueba puntuable para el campeonato de Espa\u00f1a de Rallyes con 65 equipos inscritos.<\/p>\n<p>Tres equipos vascos tomar\u00e1n la salida en esta prueba, por una parte Gorka Antxustegi, acompa\u00f1ado por el asturiano Gabri Su\u00e1rez, con el Suzuki Swift S1600 del equipo oficial, actualmente en la s\u00e9ptima posici\u00f3n absoluta y la segunda en el Trofeo de dos ruedas motrices en el Campeonato de Espa\u00f1a de Rallyes.<\/p>\n<p>Por otro lado, dentro de la Copa Suzuki Swift, estar\u00e1n los gipuzkoanos Igor Izagirre y Angel Ruiz y el alav\u00e9s Ricardo Echave copilotado por el bizkaino Joanes Goitisolo.<\/p>\n<p>El piloto bizkaino Joseba Castro ser\u00e1 el encargado de conducir el Coche 0 de la Federaci\u00f3n Espa\u00f1ola de Automovilismo.<\/p>\n<p>En el Rallye de Ourense constar\u00e1 de 6 tramos cronometrados, que suman 208 kil\u00f3metros, para un recorrido total de 565 kil\u00f3metros. El viernes d\u00eda 15 se har\u00e1 el tramo espect\u00e1culo en el Pol\u00edgono de San Cipri\u00e1n, cercano a Ourense y el s\u00e1bado 16 los de To\u00e9n, San Pedro de Rocas, Vilari\u00f1o Fr\u00edo, el m\u00edtico Ca\u00f1\u00f3n do Sil y Luintra, todos ellos a dos pasadas.<\/p>\n<p>La salida ser\u00e1 en el recinto ferial Expourense, el d\u00eda 15 a las 20:15 horas y la prueba terminar\u00e1 en el p\u00f3dium situado en la Plaza Mayor de Ourense el S\u00e1bado d\u00eda 16 a las 22:10 horas.<\/p>\n<p>M\u00e1s informaci\u00f3n:<\/p>\n<p><a href=\"http:\/\/www.rallyeourense.es\/\" target=\"_blank\">http:\/\/www.rallyeourense.es\/<\/a><\/p>\n<p>&nbsp;<\/p>\n","protected":false},"excerpt":{"rendered":"<p>Los d\u00edas 15 y 16 de Junio se celebra la 45 edici\u00f3n del Rallye de Ourense, cuarta prueba puntuable para el campeonato de Espa\u00f1a de Rallyes con 65 equipos inscritos. Tres equipos vascos tomar\u00e1n la salida en esta prueba, por una parte Gorka Antxustegi, acompa\u00f1ado por el asturiano Gabri Su\u00e1rez, con el Suzuki Swift S1600 [&hellip;]<\/p>\n","protected":false},"author":1,"featured_media":0,"comment_status":"closed","ping_status":"closed","sticky":false,"template":"","format":"standard","meta":{"footnotes":""},"categories":[51,58,62,64,61,5,4],"tags":[],"class_list":["post-1711","post","type-post","status-publish","format-standard","hentry","category-antxustegi","category-castro","category-echave","category-galicia","category-izaguirre","category-nacional","category-rallyes"],"_links":{"self":[{"href":"https:\/\/www.mfoto.es\/noticias\/index.php?rest_route=\/wp\/v2\/posts\/1711","targetHints":{"allow":["GET"]}}],"collection":[{"href":"https:\/\/www.mfoto.es\/noticias\/index.php?rest_route=\/wp\/v2\/posts"}],"about":[{"href":"https:\/\/www.mfoto.es\/noticias\/index.php?rest_route=\/wp\/v2\/types\/post"}],"author":[{"embeddable":true,"href":"https:\/\/www.mfoto.es\/noticias\/index.php?rest_route=\/wp\/v2\/users\/1"}],"replies":[{"embeddable":true,"href":"https:\/\/www.mfoto.es\/noticias\/index.php?rest_route=%2Fwp%2Fv2%2Fcomments&post=1711"}],"version-history":[{"count":1,"href":"https:\/\/www.mfoto.es\/noticias\/index.php?rest_route=\/wp\/v2\/posts\/1711\/revisions"}],"predecessor-version":[{"id":1713,"href":"https:\/\/www.mfoto.es\/noticias\/index.php?rest_route=\/wp\/v2\/posts\/1711\/revisions\/1713"}],"wp:attachment":[{"href":"https:\/\/www.mfoto.es\/noticias\/index.php?rest_route=%2Fwp%2Fv2%2Fmedia&parent=1711"}],"wp:term":[{"taxonomy":"category","embeddable":true,"href":"https:\/\/www.mfoto.es\/noticias\/index.php?rest_route=%2Fwp%2Fv2%2Fcategories&post=1711"},{"taxonomy":"post_tag","embeddable":true,"href":"https:\/\/www.mfoto.es\/noticias\/index.php?rest_route=%2Fwp%2Fv2%2Ftags&post=1711"}],"curies":[{"name":"wp","href":"https:\/\/api.w.org\/{rel}","templated":true}]}}