{"id":1703,"date":"2012-06-10T18:44:32","date_gmt":"2012-06-10T17:44:32","guid":{"rendered":"http:\/\/www.mfoto.es\/noticias\/?p=1703"},"modified":"2012-07-08T10:24:35","modified_gmt":"2012-07-08T09:24:35","slug":"victoria-de-javier-espana-en-el-rallye-cantabria","status":"publish","type":"post","link":"https:\/\/www.mfoto.es\/noticias\/?p=1703","title":{"rendered":"Victoria de Javier Espa\u00f1a en el Rallye Cantabria"},"content":{"rendered":"<p><img loading=\"lazy\" decoding=\"async\" class=\"alignleft\" src=\"https:\/\/www.mfoto.es\/logos\/foto.gif\" alt=\"\" width=\"50\" height=\"36\" \/><\/p>\n<p><strong><a href=\"https:\/\/www.mfoto.es\/fotos\/2012\/015_cantabria\/\">FOTOS RALLYE CANTABRIA<\/a><\/strong><\/p>\n<p><img loading=\"lazy\" decoding=\"async\" class=\"alignnone size-full wp-image-1704\" title=\"029_espa\u00f1a_cantabria\" src=\"https:\/\/www.mfoto.es\/noticias\/wp-content\/uploads_2012\/029_espa\u00f1a_cantabria.jpg\" alt=\"\" width=\"450\" height=\"300\" srcset=\"https:\/\/www.mfoto.es\/noticias\/wp-content\/uploads_2012\/029_espa\u00f1a_cantabria.jpg 450w, https:\/\/www.mfoto.es\/noticias\/wp-content\/uploads_2012\/029_espa\u00f1a_cantabria-300x200.jpg 300w\" sizes=\"auto, (max-width: 450px) 100vw, 450px\" \/><\/p>\n<p>Javier Espa\u00f1a y Borja Odriozola ganaban el Rallye Cantabria con su Mitsubishi EVO X R4, con una ventaja de 44,8 segundos sobre los bizkainos Iker Gayoso y Eguzki\u00f1e Enr\u00edquez sobre un Mitsubishi EVO IX.<\/p>\n<p>La tercera plaza era finalmente para Surhayen Pern\u00eda con el Citroen C2 GT, a 1:12,7, tras ceder bastante tiempo Jonathan Cabo con el Renault Clio Sport por problemas mec\u00e1nicos en el \u00faltimo tramo.<\/p>\n<p>El rallye se disput\u00f3 con lluvias intermitentes, que complicaron la elecci\u00f3n de neum\u00e1ticos a los equipos.<\/p>\n<p><em>Clasificaci\u00f3n:<\/em><br \/>\n1\u00ba Espa\u00f1a-Odriozola (Mitsubishi Evo X) 37:26.800<br \/>\n2\u00ba Gayoso-Enr\u00edquez (Mitsubishi Evo IX) 38:11.600<br \/>\n3\u00ba Pern\u00eda-Garc\u00eda (Citro\u00ebn C2 GT) 38:39.530<br \/>\n4\u00ba Cabo-S\u00e1iz (Renault Clio Sport) 38:40.650<br \/>\n5\u00ba Pe\u00f1a-Celis (Citro\u00ebn C2 R2 Max) 39:11.900<\/p>\n","protected":false},"excerpt":{"rendered":"<p>FOTOS RALLYE CANTABRIA Javier Espa\u00f1a y Borja Odriozola ganaban el Rallye Cantabria con su Mitsubishi EVO X R4, con una ventaja de 44,8 segundos sobre los bizkainos Iker Gayoso y Eguzki\u00f1e Enr\u00edquez sobre un Mitsubishi EVO IX. La tercera plaza era finalmente para Surhayen Pern\u00eda con el Citroen C2 GT, a 1:12,7, tras ceder bastante [&hellip;]<\/p>\n","protected":false},"author":1,"featured_media":0,"comment_status":"closed","ping_status":"closed","sticky":false,"template":"","format":"standard","meta":{"footnotes":""},"categories":[10,76,55,4],"tags":[],"class_list":["post-1703","post","type-post","status-publish","format-standard","hentry","category-cantabria","category-espana","category-gayoso","category-rallyes"],"_links":{"self":[{"href":"https:\/\/www.mfoto.es\/noticias\/index.php?rest_route=\/wp\/v2\/posts\/1703","targetHints":{"allow":["GET"]}}],"collection":[{"href":"https:\/\/www.mfoto.es\/noticias\/index.php?rest_route=\/wp\/v2\/posts"}],"about":[{"href":"https:\/\/www.mfoto.es\/noticias\/index.php?rest_route=\/wp\/v2\/types\/post"}],"author":[{"embeddable":true,"href":"https:\/\/www.mfoto.es\/noticias\/index.php?rest_route=\/wp\/v2\/users\/1"}],"replies":[{"embeddable":true,"href":"https:\/\/www.mfoto.es\/noticias\/index.php?rest_route=%2Fwp%2Fv2%2Fcomments&post=1703"}],"version-history":[{"count":6,"href":"https:\/\/www.mfoto.es\/noticias\/index.php?rest_route=\/wp\/v2\/posts\/1703\/revisions"}],"predecessor-version":[{"id":1760,"href":"https:\/\/www.mfoto.es\/noticias\/index.php?rest_route=\/wp\/v2\/posts\/1703\/revisions\/1760"}],"wp:attachment":[{"href":"https:\/\/www.mfoto.es\/noticias\/index.php?rest_route=%2Fwp%2Fv2%2Fmedia&parent=1703"}],"wp:term":[{"taxonomy":"category","embeddable":true,"href":"https:\/\/www.mfoto.es\/noticias\/index.php?rest_route=%2Fwp%2Fv2%2Fcategories&post=1703"},{"taxonomy":"post_tag","embeddable":true,"href":"https:\/\/www.mfoto.es\/noticias\/index.php?rest_route=%2Fwp%2Fv2%2Ftags&post=1703"}],"curies":[{"name":"wp","href":"https:\/\/api.w.org\/{rel}","templated":true}]}}