{"id":1697,"date":"2012-06-04T11:00:16","date_gmt":"2012-06-04T10:00:16","guid":{"rendered":"http:\/\/www.mfoto.es\/noticias\/?p=1697"},"modified":"2012-06-06T09:01:37","modified_gmt":"2012-06-06T08:01:37","slug":"los-pinchazos-retrasan-a-antxustegi-en-el-rallye-rias-baixas","status":"publish","type":"post","link":"https:\/\/www.mfoto.es\/noticias\/?p=1697","title":{"rendered":"Los pinchazos retrasan a Antxustegi en el Rallye R\u00edas Baixas"},"content":{"rendered":"<p><img loading=\"lazy\" decoding=\"async\" class=\"alignleft\" src=\"https:\/\/www.mfoto.es\/logos\/foto.gif\" alt=\"\" width=\"50\" height=\"36\" \/><\/p>\n<p><strong><a href=\"https:\/\/www.mfoto.es\/fotos\/2012\/014_rias_baixas\/\">FOTOS RALLYE RIAS BAIXAS<\/a><\/strong><\/p>\n<p><img loading=\"lazy\" decoding=\"async\" class=\"alignnone size-full wp-image-1698\" title=\"028_antxustegi_riasbaixas\" src=\"https:\/\/www.mfoto.es\/noticias\/wp-content\/uploads_2012\/028_antxustegi_riasbaixas.jpg\" alt=\"\" width=\"450\" height=\"300\" srcset=\"https:\/\/www.mfoto.es\/noticias\/wp-content\/uploads_2012\/028_antxustegi_riasbaixas.jpg 450w, https:\/\/www.mfoto.es\/noticias\/wp-content\/uploads_2012\/028_antxustegi_riasbaixas-300x200.jpg 300w\" sizes=\"auto, (max-width: 450px) 100vw, 450px\" \/><\/p>\n<p>El bizkaino Gorka Antxustegi, con el Suzuki Swift S1600, terminaba en la d\u00e9cima posici\u00f3n de la clasificaci\u00f3n general en el Rallye R\u00edas Baixas, celebrado el pasado fin de semana, tras sufrir dos pinchazos que le hicieron perder bastante tiempo.<\/p>\n<p>Con este resultado, Antxustegi ocupa, con 59.5 puntos, la s\u00e9ptima plaza de la clasificaci\u00f3n del Campeonato de Espa\u00f1a de Rallyes y la segunda en la categor\u00eda de dos ruedas motrices hasta 1600, mientras que Suzuki lidera la clasificaci\u00f3n de marcas.<\/p>\n<p>Los otros equipos vascos presentes en el Rallye R\u00edas Baixas, Igor Izagirre y Angel Ruiz, terminaban en la s\u00e9ptima posici\u00f3n enla Copa Suzuki Swifty Ricardo Echave y Joanes Goitisolo con otro Suzuki de la copa, se ve\u00edan obligados a abandonar por problemas mec\u00e1nicos.<\/p>\n<p>La victoria en el Rallye R\u00edas Baixas era para el piloto local Alberto Meira con un Mitsubishi Evo X y la siguiente prueba del campeonato ser\u00e1 el Rallye de Ourense que se disputar\u00e1 los d\u00edas 15 y 16 de Junio.<\/p>\n<p><em>Clasificaci\u00f3n:<\/em><br \/>\n1\u00ba Meira-Ba\u00f1obre (Mitsubishi Evo X) 1:43:09.2<br \/>\n2\u00ba Hevia-Iglesias (Skoda Fabia S2000) a 6.6<br \/>\n3\u00ba Senra-V\u00e1zquez (Mitsubishi Evo X) a 51.1<br \/>\n4\u00ba Fuster-Medina (Porsche 997 GT3) a 2:00.8<br \/>\n5\u00ba Monzon-Ghuneim (Porsche 997 GT3) a 2:26.4<br \/>\n6\u00ba Pais-Pais (Mitsubishi Evo X) a 2:45.2<br \/>\n7\u00ba Vinyes-Mercader (Suzuki Swift S1600) a 3:05.9<br \/>\n8\u00ba Ojeda-Marcos (Citroen DS3 R3T) a 4:35.3<br \/>\n9\u00ba Vallejo-Vallejo (Porsche 997 GT3) a 5:49.1<br \/>\n<strong>10\u00ba Antxustegi-Su\u00e1rez (Suzuki Swift S1600) a 6:47.0<\/strong><br \/>\n<strong>&#8212;&#8212;&#8212;&#8212;&#8212;&#8212;&#8212;&#8212;&#8212;&#8212;&#8212;&#8212;&#8212;&#8212;&#8212;&#8212;&#8212;&#8212;&#8212;&#8212;&#8212;<\/strong><br \/>\n<strong>25\u00ba Izagirre-Ruiz\u00a0 (Suzuki Swift Sport) a 16:32.4<\/strong><br \/>\n<strong>&#8212;&#8212;&#8212;&#8212;&#8212;&#8212;&#8212;&#8212;&#8212;&#8212;&#8212;&#8212;&#8212;&#8212;&#8212;&#8212;&#8212;&#8212;&#8212;&#8212;&#8212;<\/strong><br \/>\n<strong>Echave-Goitisolo (Suzuki Swift Sport) retirado<\/strong><\/p>\n<p>&nbsp;<\/p>\n","protected":false},"excerpt":{"rendered":"<p>FOTOS RALLYE RIAS BAIXAS El bizkaino Gorka Antxustegi, con el Suzuki Swift S1600, terminaba en la d\u00e9cima posici\u00f3n de la clasificaci\u00f3n general en el Rallye R\u00edas Baixas, celebrado el pasado fin de semana, tras sufrir dos pinchazos que le hicieron perder bastante tiempo. Con este resultado, Antxustegi ocupa, con 59.5 puntos, la s\u00e9ptima plaza de [&hellip;]<\/p>\n","protected":false},"author":1,"featured_media":0,"comment_status":"closed","ping_status":"closed","sticky":false,"template":"","format":"standard","meta":{"footnotes":""},"categories":[51,9,62,64,61,65,5,4],"tags":[],"class_list":["post-1697","post","type-post","status-publish","format-standard","hentry","category-antxustegi","category-bizkaia","category-echave","category-galicia","category-izaguirre","category-meira","category-nacional","category-rallyes"],"_links":{"self":[{"href":"https:\/\/www.mfoto.es\/noticias\/index.php?rest_route=\/wp\/v2\/posts\/1697","targetHints":{"allow":["GET"]}}],"collection":[{"href":"https:\/\/www.mfoto.es\/noticias\/index.php?rest_route=\/wp\/v2\/posts"}],"about":[{"href":"https:\/\/www.mfoto.es\/noticias\/index.php?rest_route=\/wp\/v2\/types\/post"}],"author":[{"embeddable":true,"href":"https:\/\/www.mfoto.es\/noticias\/index.php?rest_route=\/wp\/v2\/users\/1"}],"replies":[{"embeddable":true,"href":"https:\/\/www.mfoto.es\/noticias\/index.php?rest_route=%2Fwp%2Fv2%2Fcomments&post=1697"}],"version-history":[{"count":3,"href":"https:\/\/www.mfoto.es\/noticias\/index.php?rest_route=\/wp\/v2\/posts\/1697\/revisions"}],"predecessor-version":[{"id":1701,"href":"https:\/\/www.mfoto.es\/noticias\/index.php?rest_route=\/wp\/v2\/posts\/1697\/revisions\/1701"}],"wp:attachment":[{"href":"https:\/\/www.mfoto.es\/noticias\/index.php?rest_route=%2Fwp%2Fv2%2Fmedia&parent=1697"}],"wp:term":[{"taxonomy":"category","embeddable":true,"href":"https:\/\/www.mfoto.es\/noticias\/index.php?rest_route=%2Fwp%2Fv2%2Fcategories&post=1697"},{"taxonomy":"post_tag","embeddable":true,"href":"https:\/\/www.mfoto.es\/noticias\/index.php?rest_route=%2Fwp%2Fv2%2Ftags&post=1697"}],"curies":[{"name":"wp","href":"https:\/\/api.w.org\/{rel}","templated":true}]}}