{"id":1689,"date":"2012-06-04T07:55:59","date_gmt":"2012-06-04T06:55:59","guid":{"rendered":"http:\/\/www.mfoto.es\/noticias\/?p=1689"},"modified":"2012-06-05T11:03:08","modified_gmt":"2012-06-05T10:03:08","slug":"los-equipos-bizkainos-destacan-en-el-eco-rallye-vasco-navarro","status":"publish","type":"post","link":"https:\/\/www.mfoto.es\/noticias\/?p=1689","title":{"rendered":"Los equipos bizkainos destacan en el Eco Rallye Vasco Navarro"},"content":{"rendered":"<p><img loading=\"lazy\" decoding=\"async\" class=\"alignnone size-full wp-image-1690\" title=\"027_ecorallye\" src=\"https:\/\/www.mfoto.es\/noticias\/wp-content\/uploads_2012\/027_ecorallye.jpg\" alt=\"\" width=\"450\" height=\"284\" srcset=\"https:\/\/www.mfoto.es\/noticias\/wp-content\/uploads_2012\/027_ecorallye.jpg 450w, https:\/\/www.mfoto.es\/noticias\/wp-content\/uploads_2012\/027_ecorallye-300x189.jpg 300w\" sizes=\"auto, (max-width: 450px) 100vw, 450px\" \/><\/p>\n<p>Los dos coches del equipo Bilbao European City of Sport, con Iker Torrontegi y Ianire Fern\u00e1ndez con un Ford Focus Flexi Fuel y Txema Foronda y Pilar Rodas con un Chevrolet Volt, han conseguido la segunda y tercera plaza, en la categor\u00eda de H\u00edbridos y Energ\u00edas alternativas, en el IV Eco Rallye Vasco Navarro, puntuable para la Copa FIA de Energ\u00eda Alternativas, con la sede en Vitoria y que fue ganado por Maikel del Cid y Carlos Garc\u00eda con un Toyota Prius. Txema Foronda y Pilar Rodas adem\u00e1s ganaban la clasificaci\u00f3n absoluta de consumo en su categor\u00eda.<\/p>\n<p>La clasificaci\u00f3n de veh\u00edculos el\u00e9ctricos era encabezada por el ex campe\u00f3n de Europa, el catal\u00e1n Antonio Zanini sobre un Mitsubishi I-miev, mientras que Francisco Jos\u00e9 Fern\u00e1ndez y Emilio Miguel Salmoral con un Ford Focus 1.0 EcoBoost del equipo presentado por Ford Espa\u00f1a, ganaban la categor\u00eda de energ\u00edas f\u00f3siles.<\/p>\n<p><em><\/em>\u00a0<\/p>\n<p><em>Clasificaci\u00f3n H\u00edbridos-Energ\u00edas Alternativas<\/em><br \/>\n1\u00ba Del Cid-Garc\u00eda (Toyota Prius) 45,4<br \/>\n<strong>2\u00ba Torrontegi-Fern\u00e1ndez (Ford Focus Flexifuel) 61,3<br \/>\n3\u00ba Foronda-Rodas (Chevrolet Volt) 61,7<\/strong><\/p>\n<p><em>Clasificaci\u00f3n Consumo H\u00edbridos-Energ\u00edas Alternativas:<\/em><br \/>\n<strong>1\u00ba Foronda-Rodas (Chevrolet Volt) 217,1<\/strong><br \/>\n2\u00ba Aramburu-Moreiro (Toyota Prius) 228,5<br \/>\n3\u00ba Arqu\u00e9-Monta\u00f1ola (Opel Ampera) 238,2<\/p>\n<p><em>Clasificaci\u00f3n el\u00e9ctricos:<\/em><br \/>\n1\u00ba Zanini-Ansotegui (Mitsubishi I-miev) 16,8<\/p>\n<p><em>Clasificaci\u00f3n energ\u00edas f\u00f3siles:<\/em><br \/>\n1\u00ba Fern\u00e1ndez-Salmoral (Ford Focus 1.0 EcoBoost) 606,8<\/p>\n<p>&nbsp;<\/p>\n","protected":false},"excerpt":{"rendered":"<p>Los dos coches del equipo Bilbao European City of Sport, con Iker Torrontegi y Ianire Fern\u00e1ndez con un Ford Focus Flexi Fuel y Txema Foronda y Pilar Rodas con un Chevrolet Volt, han conseguido la segunda y tercera plaza, en la categor\u00eda de H\u00edbridos y Energ\u00edas alternativas, en el IV Eco Rallye Vasco Navarro, puntuable [&hellip;]<\/p>\n","protected":false},"author":1,"featured_media":0,"comment_status":"closed","ping_status":"closed","sticky":false,"template":"","format":"standard","meta":{"footnotes":""},"categories":[6,67,5,4,13,66],"tags":[],"class_list":["post-1689","post","type-post","status-publish","format-standard","hentry","category-euskadi","category-foronda","category-nacional","category-rallyes","category-regularidad","category-torrontegi"],"_links":{"self":[{"href":"https:\/\/www.mfoto.es\/noticias\/index.php?rest_route=\/wp\/v2\/posts\/1689","targetHints":{"allow":["GET"]}}],"collection":[{"href":"https:\/\/www.mfoto.es\/noticias\/index.php?rest_route=\/wp\/v2\/posts"}],"about":[{"href":"https:\/\/www.mfoto.es\/noticias\/index.php?rest_route=\/wp\/v2\/types\/post"}],"author":[{"embeddable":true,"href":"https:\/\/www.mfoto.es\/noticias\/index.php?rest_route=\/wp\/v2\/users\/1"}],"replies":[{"embeddable":true,"href":"https:\/\/www.mfoto.es\/noticias\/index.php?rest_route=%2Fwp%2Fv2%2Fcomments&post=1689"}],"version-history":[{"count":3,"href":"https:\/\/www.mfoto.es\/noticias\/index.php?rest_route=\/wp\/v2\/posts\/1689\/revisions"}],"predecessor-version":[{"id":1696,"href":"https:\/\/www.mfoto.es\/noticias\/index.php?rest_route=\/wp\/v2\/posts\/1689\/revisions\/1696"}],"wp:attachment":[{"href":"https:\/\/www.mfoto.es\/noticias\/index.php?rest_route=%2Fwp%2Fv2%2Fmedia&parent=1689"}],"wp:term":[{"taxonomy":"category","embeddable":true,"href":"https:\/\/www.mfoto.es\/noticias\/index.php?rest_route=%2Fwp%2Fv2%2Fcategories&post=1689"},{"taxonomy":"post_tag","embeddable":true,"href":"https:\/\/www.mfoto.es\/noticias\/index.php?rest_route=%2Fwp%2Fv2%2Ftags&post=1689"}],"curies":[{"name":"wp","href":"https:\/\/api.w.org\/{rel}","templated":true}]}}