{"id":1681,"date":"2012-06-04T09:00:49","date_gmt":"2012-06-04T08:00:49","guid":{"rendered":"http:\/\/www.mfoto.es\/noticias\/?p=1681"},"modified":"2012-06-05T11:02:05","modified_gmt":"2012-06-05T10:02:05","slug":"alberto-meira-gana-el-rallye-rias-baixas","status":"publish","type":"post","link":"https:\/\/www.mfoto.es\/noticias\/?p=1681","title":{"rendered":"Alberto Meira gana el Rallye R\u00edas Baixas"},"content":{"rendered":"<p><img loading=\"lazy\" decoding=\"async\" class=\"alignleft\" src=\"https:\/\/www.mfoto.es\/logos\/foto.gif\" alt=\"\" width=\"50\" height=\"36\" \/><\/p>\n<p><strong><a href=\"https:\/\/www.mfoto.es\/fotos\/2012\/014_rias_baixas\/\">FOTOS RALLYE RIAS BAIXAS<\/a><\/strong><\/p>\n<p><img loading=\"lazy\" decoding=\"async\" class=\"alignnone size-full wp-image-1682\" title=\"026_meira_riasbaixas\" src=\"https:\/\/www.mfoto.es\/noticias\/wp-content\/uploads_2012\/026_meira_riasbaixas.jpg\" alt=\"\" width=\"450\" height=\"300\" srcset=\"https:\/\/www.mfoto.es\/noticias\/wp-content\/uploads_2012\/026_meira_riasbaixas.jpg 450w, https:\/\/www.mfoto.es\/noticias\/wp-content\/uploads_2012\/026_meira_riasbaixas-300x200.jpg 300w\" sizes=\"auto, (max-width: 450px) 100vw, 450px\" \/><\/p>\n<p>Alberto Meira sobre un Mitsubishi Evo X se impon\u00eda en en Rallye R\u00edas Baixas tras mandar en la clasificaci\u00f3n\u00a0desde el segundo tramo cronometrado, Alberto Hevia con el Skoda Fabia S2000 era el segundo clasificado a 6,6\u00a0seg. de Meira, tras haber estado a s\u00f3lo 1,9 seg. a falta del \u00faltimo tramo y la tercera plaza del podio era para\u00a0V\u00edctor Senra con otro Mitsubishi Evo X a 51.1 seg.<\/p>\n<p>En las copas de promoci\u00f3n, Pablo Pazo ganaba la Copa Suzuki Swift, Pedro Freire era el primero en el Trofeo\u00a0Suzuki, Victor Senra lideraba la Mitsubishi Evo Cup y el Trofeo Junior era para el canario Daniel Santana que\u00a0llevaba un Suzuki Swift.<\/p>\n<p>El rallye se disput\u00f3 sin problemas, a pesar de la fina lluvia que empez\u00f3 a caer a partir de mediod\u00eda y que\u00a0continu\u00f3 intermitentemente hasta el final de la prueba.<\/p>\n<p><em>Clasificaci\u00f3n:<\/em><br \/>\n1\u00ba Meira-Ba\u00f1obre (Mitsubishi Evo X) 1:43:09.2<br \/>\n2\u00ba Hevia-Iglesias (Skoda Fabia S2000) a 6.6<br \/>\n3\u00ba Senra-V\u00e1zquez (Mitsubishi Evo X) a 51.1<br \/>\n4\u00ba Fuster-Medina (Porsche 997 GT3) a 2:00.8<br \/>\n5\u00ba Monzon-Ghuneim (Porsche 997 GT3) a 2:26.4<br \/>\n6\u00ba Pais-Pais (Mitsubishi Evo X) a 2:45.2<br \/>\n7\u00ba Vinyes-Mercader (Suzuki Swift S1600) a 3:05.9<br \/>\n8\u00ba Ojeda-Marcos (Citroen DS3 R3T) a 4:35.3<br \/>\n9\u00ba Vallejo-Vallejo (Porsche 997 GT3) a 5:49.1<br \/>\n10\u00ba Antxustegi-Su\u00e1rez (Suzuki Swift S1600) 6:47.0<\/p>\n<p>&nbsp;<\/p>\n","protected":false},"excerpt":{"rendered":"<p>FOTOS RALLYE RIAS BAIXAS Alberto Meira sobre un Mitsubishi Evo X se impon\u00eda en en Rallye R\u00edas Baixas tras mandar en la clasificaci\u00f3n\u00a0desde el segundo tramo cronometrado, Alberto Hevia con el Skoda Fabia S2000 era el segundo clasificado a 6,6\u00a0seg. de Meira, tras haber estado a s\u00f3lo 1,9 seg. a falta del \u00faltimo tramo y [&hellip;]<\/p>\n","protected":false},"author":1,"featured_media":0,"comment_status":"closed","ping_status":"closed","sticky":false,"template":"","format":"standard","meta":{"footnotes":""},"categories":[51,64,65,5,4],"tags":[],"class_list":["post-1681","post","type-post","status-publish","format-standard","hentry","category-antxustegi","category-galicia","category-meira","category-nacional","category-rallyes"],"_links":{"self":[{"href":"https:\/\/www.mfoto.es\/noticias\/index.php?rest_route=\/wp\/v2\/posts\/1681","targetHints":{"allow":["GET"]}}],"collection":[{"href":"https:\/\/www.mfoto.es\/noticias\/index.php?rest_route=\/wp\/v2\/posts"}],"about":[{"href":"https:\/\/www.mfoto.es\/noticias\/index.php?rest_route=\/wp\/v2\/types\/post"}],"author":[{"embeddable":true,"href":"https:\/\/www.mfoto.es\/noticias\/index.php?rest_route=\/wp\/v2\/users\/1"}],"replies":[{"embeddable":true,"href":"https:\/\/www.mfoto.es\/noticias\/index.php?rest_route=%2Fwp%2Fv2%2Fcomments&post=1681"}],"version-history":[{"count":9,"href":"https:\/\/www.mfoto.es\/noticias\/index.php?rest_route=\/wp\/v2\/posts\/1681\/revisions"}],"predecessor-version":[{"id":1694,"href":"https:\/\/www.mfoto.es\/noticias\/index.php?rest_route=\/wp\/v2\/posts\/1681\/revisions\/1694"}],"wp:attachment":[{"href":"https:\/\/www.mfoto.es\/noticias\/index.php?rest_route=%2Fwp%2Fv2%2Fmedia&parent=1681"}],"wp:term":[{"taxonomy":"category","embeddable":true,"href":"https:\/\/www.mfoto.es\/noticias\/index.php?rest_route=%2Fwp%2Fv2%2Fcategories&post=1681"},{"taxonomy":"post_tag","embeddable":true,"href":"https:\/\/www.mfoto.es\/noticias\/index.php?rest_route=%2Fwp%2Fv2%2Ftags&post=1681"}],"curies":[{"name":"wp","href":"https:\/\/api.w.org\/{rel}","templated":true}]}}