{"id":1675,"date":"2012-06-01T15:10:25","date_gmt":"2012-06-01T14:10:25","guid":{"rendered":"http:\/\/www.mfoto.es\/noticias\/?p=1675"},"modified":"2012-06-14T10:05:55","modified_gmt":"2012-06-14T09:05:55","slug":"tres-equipos-vascos-participaran-en-el-rallye-rias-baixas","status":"publish","type":"post","link":"https:\/\/www.mfoto.es\/noticias\/?p=1675","title":{"rendered":"Tres equipos vascos participar\u00e1n en el Rallye R\u00edas Baixas"},"content":{"rendered":"<p><img loading=\"lazy\" decoding=\"async\" class=\"alignnone size-full wp-image-1676\" title=\"025_antxustegi_riasbaixas\" src=\"https:\/\/www.mfoto.es\/noticias\/wp-content\/uploads_2012\/025_antxustegi_riasbaixas.jpg\" alt=\"\" width=\"450\" height=\"300\" srcset=\"https:\/\/www.mfoto.es\/noticias\/wp-content\/uploads_2012\/025_antxustegi_riasbaixas.jpg 450w, https:\/\/www.mfoto.es\/noticias\/wp-content\/uploads_2012\/025_antxustegi_riasbaixas-300x200.jpg 300w\" sizes=\"auto, (max-width: 450px) 100vw, 450px\" \/><\/p>\n<p>Tres equipos vascos tomar\u00e1n la salida en el Rallye R\u00edas Baixas, tercera prueba del Campeonato de Espa\u00f1a de Rallyes, que se celebra este fin de semana, en la provincia de Pontevedra, con 73 equipos participantes.<\/p>\n<p>El piloto de Markina, Gorka Antxustegi, copilotado por el asturiano Gabri Su\u00e1rez, con el Suzuki Swift S1600 del equipo oficial, que ocupan la sexta posici\u00f3n absoluta y segunda en la categor\u00eda de dos ruedas motrices en el Campeonato de Espa\u00f1a de Rallyes, los gipuzkoanos Igor Izagirre y Angel Ruiz y el alav\u00e9s Ricardo Echave copilotado por el bizkaino Joanes Goitisolo, ambos disputando la Copa Suzuki Swift Sport.<\/p>\n<p>Tambi\u00e9n estar\u00e1 presente el bizkaino Joseba Castro conduciendo el Coche 0 de la Federaci\u00f3n Espa\u00f1ola de Automovilismo.<\/p>\n<p>En el Rallye R\u00edas Baixas constar\u00e1 de 5 tramos cronometrados, que suman 160 kil\u00f3metros, para un recorrido total de 500 kil\u00f3metros. El viernes d\u00eda 1 se har\u00e1n los tramos de Vigo y Monte Alba, cercanos a Vigo y el s\u00e1bado 2 los de Fornelos, Ponteareas y As Neves, todos ellos a recorrer en dos ocasiones.<\/p>\n<p>La salida ser\u00e1 en el Ferial de Vigo (IFEVI), junto al aeropuerto, el d\u00eda 1 a las 17:50 horas y la llegada en el mismo lugar el d\u00eda 2 a las 19:00 horas.<\/p>\n<p>&nbsp;<\/p>\n<p>M\u00e1s informaci\u00f3n:<\/p>\n<p><a href=\"http:\/\/www.rallyeriasbaixas.com\/\" target=\"_blank\">http:\/\/www.rallyeriasbaixas.com<\/a><\/p>\n","protected":false},"excerpt":{"rendered":"<p>Tres equipos vascos tomar\u00e1n la salida en el Rallye R\u00edas Baixas, tercera prueba del Campeonato de Espa\u00f1a de Rallyes, que se celebra este fin de semana, en la provincia de Pontevedra, con 73 equipos participantes. El piloto de Markina, Gorka Antxustegi, copilotado por el asturiano Gabri Su\u00e1rez, con el Suzuki Swift S1600 del equipo oficial, [&hellip;]<\/p>\n","protected":false},"author":1,"featured_media":0,"comment_status":"closed","ping_status":"closed","sticky":false,"template":"","format":"standard","meta":{"footnotes":""},"categories":[51,58,62,64,61,5,4],"tags":[],"class_list":["post-1675","post","type-post","status-publish","format-standard","hentry","category-antxustegi","category-castro","category-echave","category-galicia","category-izaguirre","category-nacional","category-rallyes"],"_links":{"self":[{"href":"https:\/\/www.mfoto.es\/noticias\/index.php?rest_route=\/wp\/v2\/posts\/1675","targetHints":{"allow":["GET"]}}],"collection":[{"href":"https:\/\/www.mfoto.es\/noticias\/index.php?rest_route=\/wp\/v2\/posts"}],"about":[{"href":"https:\/\/www.mfoto.es\/noticias\/index.php?rest_route=\/wp\/v2\/types\/post"}],"author":[{"embeddable":true,"href":"https:\/\/www.mfoto.es\/noticias\/index.php?rest_route=\/wp\/v2\/users\/1"}],"replies":[{"embeddable":true,"href":"https:\/\/www.mfoto.es\/noticias\/index.php?rest_route=%2Fwp%2Fv2%2Fcomments&post=1675"}],"version-history":[{"count":6,"href":"https:\/\/www.mfoto.es\/noticias\/index.php?rest_route=\/wp\/v2\/posts\/1675\/revisions"}],"predecessor-version":[{"id":1715,"href":"https:\/\/www.mfoto.es\/noticias\/index.php?rest_route=\/wp\/v2\/posts\/1675\/revisions\/1715"}],"wp:attachment":[{"href":"https:\/\/www.mfoto.es\/noticias\/index.php?rest_route=%2Fwp%2Fv2%2Fmedia&parent=1675"}],"wp:term":[{"taxonomy":"category","embeddable":true,"href":"https:\/\/www.mfoto.es\/noticias\/index.php?rest_route=%2Fwp%2Fv2%2Fcategories&post=1675"},{"taxonomy":"post_tag","embeddable":true,"href":"https:\/\/www.mfoto.es\/noticias\/index.php?rest_route=%2Fwp%2Fv2%2Ftags&post=1675"}],"curies":[{"name":"wp","href":"https:\/\/api.w.org\/{rel}","templated":true}]}}