{"id":1667,"date":"2012-05-27T11:39:38","date_gmt":"2012-05-27T10:39:38","guid":{"rendered":"http:\/\/www.mfoto.es\/noticias\/?p=1667"},"modified":"2012-05-27T11:42:29","modified_gmt":"2012-05-27T10:42:29","slug":"el-asturiano-ruben-alvarez-gana-el-rallysprint-de-santillana","status":"publish","type":"post","link":"https:\/\/www.mfoto.es\/noticias\/?p=1667","title":{"rendered":"El asturiano Rub\u00e9n Alvarez gana el Rallysprint de Santillana"},"content":{"rendered":"<p><img loading=\"lazy\" decoding=\"async\" class=\"alignleft\" src=\"https:\/\/www.mfoto.es\/logos\/foto.gif\" alt=\"\" width=\"50\" height=\"36\" \/><\/p>\n<p><strong><a href=\"https:\/\/www.mfoto.es\/fotos\/2012\/013_santillana\/\">FOTOS RALLYSPRINT DE TIERRA DE SANTILLANA<\/a><\/strong><\/p>\n<p><img loading=\"lazy\" decoding=\"async\" class=\"alignnone size-full wp-image-1668\" title=\"024_alvarez_santillana\" src=\"https:\/\/www.mfoto.es\/noticias\/wp-content\/uploads_2012\/024_alvarez_santillana.jpg\" alt=\"\" width=\"450\" height=\"300\" srcset=\"https:\/\/www.mfoto.es\/noticias\/wp-content\/uploads_2012\/024_alvarez_santillana.jpg 450w, https:\/\/www.mfoto.es\/noticias\/wp-content\/uploads_2012\/024_alvarez_santillana-300x200.jpg 300w\" sizes=\"auto, (max-width: 450px) 100vw, 450px\" \/><\/p>\n<p>Se disput\u00f3 el Rallysprint de Tierra de Santillana del Mar, en el habitual tramo cercano a Ubiarco y con 32 equipos\u00a0 en la l\u00ednea de salida.<\/p>\n<p>La victoria era para Rub\u00e9n Alvarez con un Kartcross PRM, seguido a 3,4 seg. por Oscar Mart\u00ednez con otro Kartcross Semog y la tercera posici\u00f3n fue para el vencedor de la pasada edici\u00f3n, Francisco Gamayo tambi\u00e9n con Kartcross Semog a 4,4 seg.<\/p>\n<p>Las categor\u00edas de turismos eran ganadas por los pilotos bizkainos, Alberto Alonso ganaba en 4 ruedas motrices con el Mitsubishi EVO VIII, Gorka Antxustegi era el primer clasificado en 2 ruedas motrices con el Peugeot 205 1.6 y la Copa VW Golf la encabezaba el gallego Mario R\u00edos.<\/p>\n<p>Clasificaci\u00f3n:<\/p>\n<p>1\u00ba Alvarez (PRM Honda-Kartcross) 11:51.490<br \/>\n2\u00ba Mart\u00ednez (Semog-Kartcross) 11:54.950<br \/>\n3\u00ba Gamayo (Semog-Kartcross) 11:55.960<br \/>\n4\u00ba G\u00f3mez (Demoncar-Kartcross) 12:06.170<br \/>\n<strong>5\u00ba Alonso-Segura (Mitsubishi EVO VIII-4RM) 12:28.760<\/strong><br \/>\n&#8212;&#8212;&#8212;&#8212;&#8212;&#8212;&#8212;&#8212;&#8212;&#8212;&#8212;&#8212;&#8212;&#8212;&#8212;&#8212;&#8212;-<br \/>\n<strong>8\u00ba Antxustegi-Urresti (Peugeot 205 1.6-2RM) 12:58.370<\/strong><br \/>\n&#8212;&#8212;&#8212;&#8212;&#8212;&#8212;&#8212;&#8212;&#8212;&#8212;&#8212;&#8212;&#8212;&#8212;&#8212;&#8212;&#8212;-<br \/>\n13\u00ba R\u00edos-Pamp\u00edn (VW Golf II-2RM-Copa Golf) 13:40.730<\/p>\n","protected":false},"excerpt":{"rendered":"<p>FOTOS RALLYSPRINT DE TIERRA DE SANTILLANA Se disput\u00f3 el Rallysprint de Tierra de Santillana del Mar, en el habitual tramo cercano a Ubiarco y con 32 equipos\u00a0 en la l\u00ednea de salida. La victoria era para Rub\u00e9n Alvarez con un Kartcross PRM, seguido a 3,4 seg. por Oscar Mart\u00ednez con otro Kartcross Semog y la [&hellip;]<\/p>\n","protected":false},"author":1,"featured_media":0,"comment_status":"closed","ping_status":"closed","sticky":false,"template":"","format":"standard","meta":{"footnotes":""},"categories":[63,51,10,4,19],"tags":[],"class_list":["post-1667","post","type-post","status-publish","format-standard","hentry","category-alonso","category-antxustegi","category-cantabria","category-rallyes","category-tierra"],"_links":{"self":[{"href":"https:\/\/www.mfoto.es\/noticias\/index.php?rest_route=\/wp\/v2\/posts\/1667","targetHints":{"allow":["GET"]}}],"collection":[{"href":"https:\/\/www.mfoto.es\/noticias\/index.php?rest_route=\/wp\/v2\/posts"}],"about":[{"href":"https:\/\/www.mfoto.es\/noticias\/index.php?rest_route=\/wp\/v2\/types\/post"}],"author":[{"embeddable":true,"href":"https:\/\/www.mfoto.es\/noticias\/index.php?rest_route=\/wp\/v2\/users\/1"}],"replies":[{"embeddable":true,"href":"https:\/\/www.mfoto.es\/noticias\/index.php?rest_route=%2Fwp%2Fv2%2Fcomments&post=1667"}],"version-history":[{"count":5,"href":"https:\/\/www.mfoto.es\/noticias\/index.php?rest_route=\/wp\/v2\/posts\/1667\/revisions"}],"predecessor-version":[{"id":1673,"href":"https:\/\/www.mfoto.es\/noticias\/index.php?rest_route=\/wp\/v2\/posts\/1667\/revisions\/1673"}],"wp:attachment":[{"href":"https:\/\/www.mfoto.es\/noticias\/index.php?rest_route=%2Fwp%2Fv2%2Fmedia&parent=1667"}],"wp:term":[{"taxonomy":"category","embeddable":true,"href":"https:\/\/www.mfoto.es\/noticias\/index.php?rest_route=%2Fwp%2Fv2%2Fcategories&post=1667"},{"taxonomy":"post_tag","embeddable":true,"href":"https:\/\/www.mfoto.es\/noticias\/index.php?rest_route=%2Fwp%2Fv2%2Ftags&post=1667"}],"curies":[{"name":"wp","href":"https:\/\/api.w.org\/{rel}","templated":true}]}}