{"id":1660,"date":"2012-05-20T22:30:22","date_gmt":"2012-05-20T21:30:22","guid":{"rendered":"http:\/\/www.mfoto.es\/noticias\/?p=1660"},"modified":"2012-06-19T18:52:28","modified_gmt":"2012-06-19T17:52:28","slug":"buen-resultado-de-lujua-y-antxustegi-en-el-rallye-de-cantabria","status":"publish","type":"post","link":"https:\/\/www.mfoto.es\/noticias\/?p=1660","title":{"rendered":"Buen resultado de Lujua y Antxustegi en el Rallye de Cantabria"},"content":{"rendered":"<p><img loading=\"lazy\" decoding=\"async\" class=\"alignleft\" src=\"https:\/\/www.mfoto.es\/logos\/foto.gif\" alt=\"\" width=\"50\" height=\"36\" \/><\/p>\n<p><strong><a href=\"https:\/\/www.mfoto.es\/fotos\/2012\/012_cantabria\/\">FOTOS RALLYE INTERNACIONAL CANTABRIA<\/a><\/strong><\/p>\n<p><img loading=\"lazy\" decoding=\"async\" class=\"alignnone size-full wp-image-1661\" title=\"023_lujua_cantabria\" src=\"https:\/\/www.mfoto.es\/noticias\/wp-content\/uploads_2012\/023_lujua_cantabria.jpg\" alt=\"\" width=\"450\" height=\"300\" srcset=\"https:\/\/www.mfoto.es\/noticias\/wp-content\/uploads_2012\/023_lujua_cantabria.jpg 450w, https:\/\/www.mfoto.es\/noticias\/wp-content\/uploads_2012\/023_lujua_cantabria-300x200.jpg 300w\" sizes=\"auto, (max-width: 450px) 100vw, 450px\" \/><\/p>\n<p>Los pilotos bizkainos Xabier Lujua y Gorka Antxustegi, terminaban en la cuarta y novena posici\u00f3n en el Rallye Internacional Cantabria celebrado el pasado fin de semana y que era la segunda prueba puntuable para el Campeonato de Espa\u00f1a de Rallyes 2012.<\/p>\n<p>Xabier Lujua con el Mitsubishi EVO X ganaba la Mitsubishi Evo Cup, por delante del madrile\u00f1o Daniel Marb\u00e1n con id\u00e9ntico veh\u00edculo.<\/p>\n<p>Gorka Antxustegi empezaba mal al pinchar en el segundo tramo y perder m\u00e1s de dos minutos, pero consegu\u00eda recuperar hasta terminar en la novena posici\u00f3n con el Suzuki Swift S1600.<\/p>\n<p>La prueba se complic\u00f3 mucho para la organizaci\u00f3n, cuando empez\u00f3 a llover y hubo varios accidentes que obligaron a neutralizar y suspender varios tramos. El resto de los diez equipos bizkainos no pudieron tomar la salida debido a las neutralizaciones y la categor\u00eda auton\u00f3mica qued\u00f3 suspendida totalmente.<\/p>\n<p>Clasificaci\u00f3n:<\/p>\n<p>1\u00ba Hevia-Iglesias (Skoda Fabia S2000) 1:27:12.3<br \/>\n2\u00ba P\u00e9rez-Velasco (Peugeot 207 S2000) a 1:22.1<br \/>\n3\u00ba Vinyes-Mercader (Suzuki Swift S1600) a 1:25.4<br \/>\n<strong>4\u00ba Lujua-Estrada (Mitsubishi EVO X) a 2:19.5<\/strong><br \/>\n5\u00ba Mantec\u00f3n-Noriega (Volkswagen Polo) a 3:42.0<br \/>\n6\u00ba Marb\u00e1n-Ferrero (Mitsubishi EVO X) a 4:05.4<br \/>\n7\u00ba Pa\u00eds-Pa\u00eds (Mitsubishi EVO X) 4:11.0<br \/>\n8\u00ba Vallejo-Vallejo (Porsche 997 GT3) a 4:17.2<br \/>\n<strong>9\u00ba Antxustegi-Su\u00e1rez (Suzuki Swift S1600) a 4:47.0<\/strong><br \/>\n10\u00ba Pern\u00eda-Garc\u00eda (Ford Fiesta R2) a 4:57.4<\/p>\n<p>&nbsp;<\/p>\n","protected":false},"excerpt":{"rendered":"<p>FOTOS RALLYE INTERNACIONAL CANTABRIA Los pilotos bizkainos Xabier Lujua y Gorka Antxustegi, terminaban en la cuarta y novena posici\u00f3n en el Rallye Internacional Cantabria celebrado el pasado fin de semana y que era la segunda prueba puntuable para el Campeonato de Espa\u00f1a de Rallyes 2012. Xabier Lujua con el Mitsubishi EVO X ganaba la Mitsubishi [&hellip;]<\/p>\n","protected":false},"author":1,"featured_media":0,"comment_status":"closed","ping_status":"closed","sticky":false,"template":"","format":"standard","meta":{"footnotes":""},"categories":[51,9,10,69,54,5,4],"tags":[],"class_list":["post-1660","post","type-post","status-publish","format-standard","hentry","category-antxustegi","category-bizkaia","category-cantabria","category-hevia","category-lujua","category-nacional","category-rallyes"],"_links":{"self":[{"href":"https:\/\/www.mfoto.es\/noticias\/index.php?rest_route=\/wp\/v2\/posts\/1660","targetHints":{"allow":["GET"]}}],"collection":[{"href":"https:\/\/www.mfoto.es\/noticias\/index.php?rest_route=\/wp\/v2\/posts"}],"about":[{"href":"https:\/\/www.mfoto.es\/noticias\/index.php?rest_route=\/wp\/v2\/types\/post"}],"author":[{"embeddable":true,"href":"https:\/\/www.mfoto.es\/noticias\/index.php?rest_route=\/wp\/v2\/users\/1"}],"replies":[{"embeddable":true,"href":"https:\/\/www.mfoto.es\/noticias\/index.php?rest_route=%2Fwp%2Fv2%2Fcomments&post=1660"}],"version-history":[{"count":4,"href":"https:\/\/www.mfoto.es\/noticias\/index.php?rest_route=\/wp\/v2\/posts\/1660\/revisions"}],"predecessor-version":[{"id":1722,"href":"https:\/\/www.mfoto.es\/noticias\/index.php?rest_route=\/wp\/v2\/posts\/1660\/revisions\/1722"}],"wp:attachment":[{"href":"https:\/\/www.mfoto.es\/noticias\/index.php?rest_route=%2Fwp%2Fv2%2Fmedia&parent=1660"}],"wp:term":[{"taxonomy":"category","embeddable":true,"href":"https:\/\/www.mfoto.es\/noticias\/index.php?rest_route=%2Fwp%2Fv2%2Fcategories&post=1660"},{"taxonomy":"post_tag","embeddable":true,"href":"https:\/\/www.mfoto.es\/noticias\/index.php?rest_route=%2Fwp%2Fv2%2Ftags&post=1660"}],"curies":[{"name":"wp","href":"https:\/\/api.w.org\/{rel}","templated":true}]}}