{"id":1655,"date":"2012-05-20T22:26:05","date_gmt":"2012-05-20T21:26:05","guid":{"rendered":"http:\/\/www.mfoto.es\/noticias\/?p=1655"},"modified":"2012-06-19T18:52:54","modified_gmt":"2012-06-19T17:52:54","slug":"hevia-gana-un-complicado-rallye-de-cantabria","status":"publish","type":"post","link":"https:\/\/www.mfoto.es\/noticias\/?p=1655","title":{"rendered":"Hevia gana un complicado Rallye de Cantabria"},"content":{"rendered":"<p><img loading=\"lazy\" decoding=\"async\" class=\"alignleft\" src=\"https:\/\/www.mfoto.es\/logos\/foto.gif\" alt=\"\" width=\"50\" height=\"36\" \/><\/p>\n<p><strong><a href=\"https:\/\/www.mfoto.es\/fotos\/2012\/012_cantabria\/\">FOTOS RALLYE INTERNACIONAL CANTABRIA<\/a><\/strong><\/p>\n<p><img loading=\"lazy\" decoding=\"async\" class=\"alignnone size-full wp-image-1656\" title=\"022_hevia_cantabria\" src=\"https:\/\/www.mfoto.es\/noticias\/wp-content\/uploads_2012\/022_hevia_cantabria.jpg\" alt=\"\" width=\"450\" height=\"300\" srcset=\"https:\/\/www.mfoto.es\/noticias\/wp-content\/uploads_2012\/022_hevia_cantabria.jpg 450w, https:\/\/www.mfoto.es\/noticias\/wp-content\/uploads_2012\/022_hevia_cantabria-300x200.jpg 300w\" sizes=\"auto, (max-width: 450px) 100vw, 450px\" \/><\/p>\n<p>Alberto Hevia con el Skoda Fabia S2000 fue finalmente el ganador del Rallye Internacional Cantabria, tras el abandono por aver\u00eda del canario Luis Monz\u00f3n, cuando lideraba la prueba con 20 segundos de ventaja, a falta de dos tramos para terminar. La segunda plaza era para Jonathan P\u00e9rez con el Peugeot 207 S2000 a 1:22,1 y la tercera para Joan Vinyes con el Suzuki Swift S1600 a 1:25,4.<\/p>\n<p>En las copas de promoci\u00f3n, victoria de Xabier Lujua en la Mitsubishi Evo Cup, Marcos Diego ganaba la Challenge Renault Twingo R2 y Adri\u00e1n D\u00edaz era el primer clasificado en la Copa Suzuki.<\/p>\n<p>La prueba se complic\u00f3 para la organizaci\u00f3n desde el principio, cuando empez\u00f3 a llover y dej\u00f3 el asfalto superdeslizante, lo que provoc\u00f3 varios accidentes que retrasaron la prueba y causaron la suspensi\u00f3n parcial y total de varios tramos, tambi\u00e9n hubo problemas extradeportivos, cuando las ambulancias que cubr\u00edan la prueba tuvieron que atender varias urgencias en las localidades pr\u00f3ximas y hubo que neutralizar algunos tramos.<\/p>\n<p>Clasificaci\u00f3n:<\/p>\n<p>1\u00ba Hevia-Iglesias (Skoda Fabia S2000) 1:27:12.3<br \/>\n2\u00ba P\u00e9rez-Velasco (Peugeot 207 S2000) a 1:22.1<br \/>\n3\u00ba Vinyes-Mercader (Suzuki Swift S1600) a 1:25.4<br \/>\n4\u00ba Lujua-Estrada (Mitsubishi EVO X) a 2:19.5<br \/>\n5\u00ba Mantec\u00f3n-Noriega (Volkswagen Polo) a 3:42.0<br \/>\n6\u00ba Marb\u00e1n-Ferrero (Mitsubishi EVO X) a 4:05.4<br \/>\n7\u00ba Pa\u00eds-Pa\u00eds (Mitsubishi EVO X) 4:11.0<br \/>\n8\u00ba Vallejo-Vallejo (Porsche 997 GT3) a 4:17.2<br \/>\n9\u00ba Antxustegi-Suarez (Suzuki Swift S1600) a 4:47.0<br \/>\n10\u00ba Pern\u00eda-Garc\u00eda (Ford Fiesta R2) a 4:57.4<\/p>\n<p>&nbsp;<\/p>\n","protected":false},"excerpt":{"rendered":"<p>FOTOS RALLYE INTERNACIONAL CANTABRIA Alberto Hevia con el Skoda Fabia S2000 fue finalmente el ganador del Rallye Internacional Cantabria, tras el abandono por aver\u00eda del canario Luis Monz\u00f3n, cuando lideraba la prueba con 20 segundos de ventaja, a falta de dos tramos para terminar. La segunda plaza era para Jonathan P\u00e9rez con el Peugeot 207 [&hellip;]<\/p>\n","protected":false},"author":1,"featured_media":0,"comment_status":"closed","ping_status":"closed","sticky":false,"template":"","format":"standard","meta":{"footnotes":""},"categories":[51,10,69,54,5,4],"tags":[],"class_list":["post-1655","post","type-post","status-publish","format-standard","hentry","category-antxustegi","category-cantabria","category-hevia","category-lujua","category-nacional","category-rallyes"],"_links":{"self":[{"href":"https:\/\/www.mfoto.es\/noticias\/index.php?rest_route=\/wp\/v2\/posts\/1655","targetHints":{"allow":["GET"]}}],"collection":[{"href":"https:\/\/www.mfoto.es\/noticias\/index.php?rest_route=\/wp\/v2\/posts"}],"about":[{"href":"https:\/\/www.mfoto.es\/noticias\/index.php?rest_route=\/wp\/v2\/types\/post"}],"author":[{"embeddable":true,"href":"https:\/\/www.mfoto.es\/noticias\/index.php?rest_route=\/wp\/v2\/users\/1"}],"replies":[{"embeddable":true,"href":"https:\/\/www.mfoto.es\/noticias\/index.php?rest_route=%2Fwp%2Fv2%2Fcomments&post=1655"}],"version-history":[{"count":5,"href":"https:\/\/www.mfoto.es\/noticias\/index.php?rest_route=\/wp\/v2\/posts\/1655\/revisions"}],"predecessor-version":[{"id":1723,"href":"https:\/\/www.mfoto.es\/noticias\/index.php?rest_route=\/wp\/v2\/posts\/1655\/revisions\/1723"}],"wp:attachment":[{"href":"https:\/\/www.mfoto.es\/noticias\/index.php?rest_route=%2Fwp%2Fv2%2Fmedia&parent=1655"}],"wp:term":[{"taxonomy":"category","embeddable":true,"href":"https:\/\/www.mfoto.es\/noticias\/index.php?rest_route=%2Fwp%2Fv2%2Fcategories&post=1655"},{"taxonomy":"post_tag","embeddable":true,"href":"https:\/\/www.mfoto.es\/noticias\/index.php?rest_route=%2Fwp%2Fv2%2Ftags&post=1655"}],"curies":[{"name":"wp","href":"https:\/\/api.w.org\/{rel}","templated":true}]}}