{"id":1650,"date":"2012-05-17T14:25:01","date_gmt":"2012-05-17T13:25:01","guid":{"rendered":"http:\/\/www.mfoto.es\/noticias\/?p=1650"},"modified":"2012-05-20T22:31:26","modified_gmt":"2012-05-20T21:31:26","slug":"una-docena-de-equipos-vascos-en-el-rallye-internacional-cantabria","status":"publish","type":"post","link":"https:\/\/www.mfoto.es\/noticias\/?p=1650","title":{"rendered":"Una docena de equipos vascos en el Rallye Internacional Cantabria"},"content":{"rendered":"<p><img loading=\"lazy\" decoding=\"async\" class=\"alignnone size-full wp-image-1651\" title=\"021_arrate_cantabria\" src=\"https:\/\/www.mfoto.es\/noticias\/wp-content\/uploads_2012\/021_arrate_cantabria.jpg\" alt=\"\" width=\"450\" height=\"300\" srcset=\"https:\/\/www.mfoto.es\/noticias\/wp-content\/uploads_2012\/021_arrate_cantabria.jpg 450w, https:\/\/www.mfoto.es\/noticias\/wp-content\/uploads_2012\/021_arrate_cantabria-300x200.jpg 300w\" sizes=\"auto, (max-width: 450px) 100vw, 450px\" \/><\/p>\n<p>Doce ser\u00e1n los equipos de Euskadi que participar\u00e1n en el Rallye Internacional Cantabria, que se celebra el pr\u00f3ximo fin de semana, los d\u00edas 18 y 19 de Mayo, con 93 equipos inscritos.<\/p>\n<p>Gorka Antxustegi con Suzuki Swift S1600, Xabier Lujua con Mitsubishi EVO X, Ricardo Echave y Joanes Goitisolo e Igor Izaguirre y Angel Ruiz con sendos Suzuki Swift Sport, participan en la categor\u00eda nacional.<\/p>\n<p>Xabat Arrate y Xabat Urresti con Citroen Saxo VTS, I\u00f1aki Cancelo y Joseba Ar\u00edstegui con Citroen C2 GT, I\u00f1aki Barredo y Joseba Larrinaga con Ford Escort MK I, Jose Luis e Iv\u00e1n Delgado con Seat Ibiza, Damian S\u00e1inz con Renault Clio, Ibai Isasi y Ander Ginea con Peugeot 206 y F\u00e9lix Marticorena con Citroen Saxo VTS, todos ellos dentro de la categor\u00eda auton\u00f3mica y por otro lado Ibai Aguirre y Aitor Saizar con Ford Escort MK I en la categor\u00eda de Regularidad Sport.<\/p>\n<p>La prueba puntuar\u00e1 para el Campeonato de Espa\u00f1a de Rallyes y para el Campeonato de Cantabria y contar\u00e1 con 93 equipos participantes entre todas las categor\u00edas.<\/p>\n<p>Se disputar\u00e1n 4 tramos cronometrados diferentes, que suman 152 kil\u00f3metros, para un recorrido total de 496 kil\u00f3metros. El viernes 18 se har\u00e1n los tramos de San Antonio-Sol\u00f3rzano y Ajo-Las Pilas y el s\u00e1bado 19 los de San Roque-Villacarriedo y Santiba\u00f1ez-Vega.<\/p>\n<p>La salida ser\u00e1 en Santander, junto al estadio de El Sardinero, el d\u00eda 18 a las 19:00 horas y la llegada en el mismo lugar el d\u00eda 19 a las 15:57 horas.<\/p>\n<p>M\u00e1s informaci\u00f3n:<\/p>\n<p><a href=\"http:\/\/www.rallyesantander.com\/\" target=\"_blank\">http:\/\/www.rallyesantander.com\/<\/a><\/p>\n<p>&nbsp;<\/p>\n","protected":false},"excerpt":{"rendered":"<p>Doce ser\u00e1n los equipos de Euskadi que participar\u00e1n en el Rallye Internacional Cantabria, que se celebra el pr\u00f3ximo fin de semana, los d\u00edas 18 y 19 de Mayo, con 93 equipos inscritos. Gorka Antxustegi con Suzuki Swift S1600, Xabier Lujua con Mitsubishi EVO X, Ricardo Echave y Joanes Goitisolo e Igor Izaguirre y Angel Ruiz [&hellip;]<\/p>\n","protected":false},"author":1,"featured_media":0,"comment_status":"closed","ping_status":"closed","sticky":false,"template":"","format":"standard","meta":{"footnotes":""},"categories":[51,56,9,10,62,61,54,5,4,13],"tags":[],"class_list":["post-1650","post","type-post","status-publish","format-standard","hentry","category-antxustegi","category-barredo","category-bizkaia","category-cantabria","category-echave","category-izaguirre","category-lujua","category-nacional","category-rallyes","category-regularidad"],"_links":{"self":[{"href":"https:\/\/www.mfoto.es\/noticias\/index.php?rest_route=\/wp\/v2\/posts\/1650","targetHints":{"allow":["GET"]}}],"collection":[{"href":"https:\/\/www.mfoto.es\/noticias\/index.php?rest_route=\/wp\/v2\/posts"}],"about":[{"href":"https:\/\/www.mfoto.es\/noticias\/index.php?rest_route=\/wp\/v2\/types\/post"}],"author":[{"embeddable":true,"href":"https:\/\/www.mfoto.es\/noticias\/index.php?rest_route=\/wp\/v2\/users\/1"}],"replies":[{"embeddable":true,"href":"https:\/\/www.mfoto.es\/noticias\/index.php?rest_route=%2Fwp%2Fv2%2Fcomments&post=1650"}],"version-history":[{"count":4,"href":"https:\/\/www.mfoto.es\/noticias\/index.php?rest_route=\/wp\/v2\/posts\/1650\/revisions"}],"predecessor-version":[{"id":1664,"href":"https:\/\/www.mfoto.es\/noticias\/index.php?rest_route=\/wp\/v2\/posts\/1650\/revisions\/1664"}],"wp:attachment":[{"href":"https:\/\/www.mfoto.es\/noticias\/index.php?rest_route=%2Fwp%2Fv2%2Fmedia&parent=1650"}],"wp:term":[{"taxonomy":"category","embeddable":true,"href":"https:\/\/www.mfoto.es\/noticias\/index.php?rest_route=%2Fwp%2Fv2%2Fcategories&post=1650"},{"taxonomy":"post_tag","embeddable":true,"href":"https:\/\/www.mfoto.es\/noticias\/index.php?rest_route=%2Fwp%2Fv2%2Ftags&post=1650"}],"curies":[{"name":"wp","href":"https:\/\/api.w.org\/{rel}","templated":true}]}}