{"id":1632,"date":"2012-04-26T09:44:35","date_gmt":"2012-04-26T08:44:35","guid":{"rendered":"http:\/\/www.mfoto.es\/noticias\/?p=1632"},"modified":"2012-04-26T09:44:35","modified_gmt":"2012-04-26T08:44:35","slug":"joseba-castro-pilotara-el-coche-0-de-la-rfeda","status":"publish","type":"post","link":"https:\/\/www.mfoto.es\/noticias\/?p=1632","title":{"rendered":"Joseba Castro pilotar\u00e1 el Coche 0 de la RFEDA"},"content":{"rendered":"<p><img loading=\"lazy\" decoding=\"async\" class=\"alignnone size-full wp-image-1633\" title=\"018_castro_coche_0\" src=\"https:\/\/www.mfoto.es\/noticias\/wp-content\/uploads_2012\/018_castro_coche_0.jpg\" alt=\"\" width=\"450\" height=\"300\" srcset=\"https:\/\/www.mfoto.es\/noticias\/wp-content\/uploads_2012\/018_castro_coche_0.jpg 450w, https:\/\/www.mfoto.es\/noticias\/wp-content\/uploads_2012\/018_castro_coche_0-300x200.jpg 300w\" sizes=\"auto, (max-width: 450px) 100vw, 450px\" \/><\/p>\n<p align=\"justify\">El piloto bizkaino Joseba Castro, tras participar en el pasado Rallye de Montecarlo, ser\u00e1 el encargado de conducir el nuevo Seat Le\u00f3n Cupra R, que har\u00e1 las funciones de Coche 0 en las pruebas del Campeonato de Espa\u00f1a de Rallyes, a partir del Rallye de Cantabria y estar\u00e1 acompa\u00f1ado por el experimentado copiloto asturiano Salvador Belzunces.<\/p>\n<p align=\"justify\">El Seat Le\u00f3n Cupra R ha sido cedido por Seat y han colaborado en su equipamiento firmas como el Real Autom\u00f3vil Club de Catalunya (RACC), Sparco en el equipamiento de seguridad, Galfer en el sistema de frenos, Michel\u00edn en los neum\u00e1ticos y Roberto M\u00e9ndez (RMC) en el mantenimiento del veh\u00edculo.<\/p>\n<p align=\"justify\">\u00a0<\/p>\n","protected":false},"excerpt":{"rendered":"<p>El piloto bizkaino Joseba Castro, tras participar en el pasado Rallye de Montecarlo, ser\u00e1 el encargado de conducir el nuevo Seat Le\u00f3n Cupra R, que har\u00e1 las funciones de Coche 0 en las pruebas del Campeonato de Espa\u00f1a de Rallyes, a partir del Rallye de Cantabria y estar\u00e1 acompa\u00f1ado por el experimentado copiloto asturiano Salvador [&hellip;]<\/p>\n","protected":false},"author":1,"featured_media":0,"comment_status":"closed","ping_status":"closed","sticky":false,"template":"","format":"standard","meta":{"footnotes":""},"categories":[9,58,5,4],"tags":[],"class_list":["post-1632","post","type-post","status-publish","format-standard","hentry","category-bizkaia","category-castro","category-nacional","category-rallyes"],"_links":{"self":[{"href":"https:\/\/www.mfoto.es\/noticias\/index.php?rest_route=\/wp\/v2\/posts\/1632","targetHints":{"allow":["GET"]}}],"collection":[{"href":"https:\/\/www.mfoto.es\/noticias\/index.php?rest_route=\/wp\/v2\/posts"}],"about":[{"href":"https:\/\/www.mfoto.es\/noticias\/index.php?rest_route=\/wp\/v2\/types\/post"}],"author":[{"embeddable":true,"href":"https:\/\/www.mfoto.es\/noticias\/index.php?rest_route=\/wp\/v2\/users\/1"}],"replies":[{"embeddable":true,"href":"https:\/\/www.mfoto.es\/noticias\/index.php?rest_route=%2Fwp%2Fv2%2Fcomments&post=1632"}],"version-history":[{"count":2,"href":"https:\/\/www.mfoto.es\/noticias\/index.php?rest_route=\/wp\/v2\/posts\/1632\/revisions"}],"predecessor-version":[{"id":1635,"href":"https:\/\/www.mfoto.es\/noticias\/index.php?rest_route=\/wp\/v2\/posts\/1632\/revisions\/1635"}],"wp:attachment":[{"href":"https:\/\/www.mfoto.es\/noticias\/index.php?rest_route=%2Fwp%2Fv2%2Fmedia&parent=1632"}],"wp:term":[{"taxonomy":"category","embeddable":true,"href":"https:\/\/www.mfoto.es\/noticias\/index.php?rest_route=%2Fwp%2Fv2%2Fcategories&post=1632"},{"taxonomy":"post_tag","embeddable":true,"href":"https:\/\/www.mfoto.es\/noticias\/index.php?rest_route=%2Fwp%2Fv2%2Ftags&post=1632"}],"curies":[{"name":"wp","href":"https:\/\/api.w.org\/{rel}","templated":true}]}}