{"id":1617,"date":"2012-04-22T18:25:42","date_gmt":"2012-04-22T17:25:42","guid":{"rendered":"http:\/\/www.mfoto.es\/noticias\/?p=1617"},"modified":"2012-04-23T18:59:50","modified_gmt":"2012-04-23T17:59:50","slug":"victoria-de-xabier-lujua-en-el-rallysprint-puente-arce-camargo","status":"publish","type":"post","link":"https:\/\/www.mfoto.es\/noticias\/?p=1617","title":{"rendered":"Victoria de Xabier Lujua en el Rallysprint Puente Arce-Camargo"},"content":{"rendered":"<p><img loading=\"lazy\" decoding=\"async\" class=\"alignleft\" src=\"https:\/\/www.mfoto.es\/logos\/foto.gif\" alt=\"\" width=\"50\" height=\"36\" \/><\/p>\n<p><strong><a href=\"https:\/\/www.mfoto.es\/fotos\/2012\/009_puentearce\/\">FOTOS RALLYSPRINT PUENTE ARCE-CAMARGO<\/a><\/strong><\/p>\n<p><img loading=\"lazy\" decoding=\"async\" class=\"alignnone size-full wp-image-1618\" title=\"017_lujua_puentearce\" src=\"https:\/\/www.mfoto.es\/noticias\/wp-content\/uploads_2012\/017_lujua_puentearce.jpg\" alt=\"\" width=\"450\" height=\"300\" srcset=\"https:\/\/www.mfoto.es\/noticias\/wp-content\/uploads_2012\/017_lujua_puentearce.jpg 450w, https:\/\/www.mfoto.es\/noticias\/wp-content\/uploads_2012\/017_lujua_puentearce-300x200.jpg 300w\" sizes=\"auto, (max-width: 450px) 100vw, 450px\" \/><\/p>\n<p>Xabier Lujua y Jes\u00fas Estrada se impon\u00edan con el Mitsubishi EVO X en el Rallysprint Puente Arce-Camargo de Cantabria. La segunda posici\u00f3n era para Iker Gayoso y Eguzki\u00f1e Enr\u00edquez, a 31 segundos, con un Mitsubishi EVO IX y la tercera para Marcos y Vicente Diego con el Renault Twingo R2 a 41 segundos.<\/p>\n<p>Terminaron 25 participantes de los 33 que tomaron la salida, en un d\u00eda lluvioso que dej\u00f3 el asfalto muy deslizante, pero que no impidi\u00f3 la celebraci\u00f3n de la prueba con puntualidad.<\/p>\n<p>CLASIFICACI\u00d3N:<br \/>\n1\u00ba Lujua-Estrada (Mitsubishi EVO X) 20:25.910<br \/>\n2\u00ba Gayoso-Enr\u00edquez (Mitsubishi EVO IX) 20:56.970<br \/>\n3\u00ba Diego-Diego (Renault Twingo R2) 21:07.670<br \/>\n4\u00ba Cabo-Gonz\u00e1lez (Renault Clio Sport) 21:09.810<br \/>\n5\u00ba Blanco-Mart\u00ednez (Mitsubishi EVO V) 21:30.350<\/p>\n<p>&nbsp;<\/p>\n","protected":false},"excerpt":{"rendered":"<p>FOTOS RALLYSPRINT PUENTE ARCE-CAMARGO Xabier Lujua y Jes\u00fas Estrada se impon\u00edan con el Mitsubishi EVO X en el Rallysprint Puente Arce-Camargo de Cantabria. La segunda posici\u00f3n era para Iker Gayoso y Eguzki\u00f1e Enr\u00edquez, a 31 segundos, con un Mitsubishi EVO IX y la tercera para Marcos y Vicente Diego con el Renault Twingo R2 a [&hellip;]<\/p>\n","protected":false},"author":1,"featured_media":0,"comment_status":"closed","ping_status":"closed","sticky":false,"template":"","format":"standard","meta":{"footnotes":""},"categories":[10,55,54,4],"tags":[],"class_list":["post-1617","post","type-post","status-publish","format-standard","hentry","category-cantabria","category-gayoso","category-lujua","category-rallyes"],"_links":{"self":[{"href":"https:\/\/www.mfoto.es\/noticias\/index.php?rest_route=\/wp\/v2\/posts\/1617","targetHints":{"allow":["GET"]}}],"collection":[{"href":"https:\/\/www.mfoto.es\/noticias\/index.php?rest_route=\/wp\/v2\/posts"}],"about":[{"href":"https:\/\/www.mfoto.es\/noticias\/index.php?rest_route=\/wp\/v2\/types\/post"}],"author":[{"embeddable":true,"href":"https:\/\/www.mfoto.es\/noticias\/index.php?rest_route=\/wp\/v2\/users\/1"}],"replies":[{"embeddable":true,"href":"https:\/\/www.mfoto.es\/noticias\/index.php?rest_route=%2Fwp%2Fv2%2Fcomments&post=1617"}],"version-history":[{"count":6,"href":"https:\/\/www.mfoto.es\/noticias\/index.php?rest_route=\/wp\/v2\/posts\/1617\/revisions"}],"predecessor-version":[{"id":1631,"href":"https:\/\/www.mfoto.es\/noticias\/index.php?rest_route=\/wp\/v2\/posts\/1617\/revisions\/1631"}],"wp:attachment":[{"href":"https:\/\/www.mfoto.es\/noticias\/index.php?rest_route=%2Fwp%2Fv2%2Fmedia&parent=1617"}],"wp:term":[{"taxonomy":"category","embeddable":true,"href":"https:\/\/www.mfoto.es\/noticias\/index.php?rest_route=%2Fwp%2Fv2%2Fcategories&post=1617"},{"taxonomy":"post_tag","embeddable":true,"href":"https:\/\/www.mfoto.es\/noticias\/index.php?rest_route=%2Fwp%2Fv2%2Ftags&post=1617"}],"curies":[{"name":"wp","href":"https:\/\/api.w.org\/{rel}","templated":true}]}}