{"id":161,"date":"2010-04-13T11:32:03","date_gmt":"2010-04-13T10:32:03","guid":{"rendered":"http:\/\/www.mfoto.es\/2011\/?p=161"},"modified":"2010-04-13T11:32:03","modified_gmt":"2010-04-13T10:32:03","slug":"manuel-macho-padre-e-hijo-consiguen-la-victoria-final-en-el-rallyestone-2010","status":"publish","type":"post","link":"https:\/\/www.mfoto.es\/noticias\/?p=161","title":{"rendered":"Manuel Macho, padre e hijo, consiguen la victoria final en el Rallyestone 2010"},"content":{"rendered":"<p><a href=\"https:\/\/www.mfoto.es\/noticias\/wp-content\/uploads_2012\/018_macho_rallyestone.jpg\"><img loading=\"lazy\" decoding=\"async\" class=\"alignnone size-full wp-image-162\" title=\"018_macho_rallyestone\" src=\"https:\/\/www.mfoto.es\/noticias\/wp-content\/uploads_2012\/018_macho_rallyestone.jpg\" alt=\"\" width=\"450\" height=\"299\" srcset=\"https:\/\/www.mfoto.es\/noticias\/wp-content\/uploads_2012\/018_macho_rallyestone.jpg 450w, https:\/\/www.mfoto.es\/noticias\/wp-content\/uploads_2012\/018_macho_rallyestone-300x199.jpg 300w\" sizes=\"auto, (max-width: 450px) 100vw, 450px\" \/><\/a><\/p>\n<p>Los c\u00e1ntabros Manuel Macho, padre e hijo, se llevaban la victoria final del Rallyestone 2010 de Cl\u00e1sicos deportivos, \u00a0al volante de su Porsche 911 SC, con una puntuaci\u00f3n total de 244,4 puntos.<\/p>\n<p>Por detr\u00e1s se clasificaban los vizca\u00ednos Imanol y Xabier Zorroza, igualmente padre e hijo , con su habitual Mercedes 280 CE, con 270,5 puntos.<\/p>\n<p>El podium final lo completaban los madrile\u00f1os Juan Escavias y \u201cCuni\u201d Su\u00e1rez, sobre un Porsche 911 2.7 RS, con 306,7 puntos.<\/p>\n<p>CLASIFICACI\u00d3N:<\/p>\n<p>1\u00ba Macho-Macho (Porsche 911 SC) 244.4 puntos<br \/>\n2\u00ba Zorroza-Zorroza (Mercedes 280 CE) 270.5 p.<br \/>\n3\u00ba Escavias-Cuni (Porsche 911 2.7 RS) 306.7 p.<br \/>\n4\u00ba Garc\u00eda-Garay (Volkswagen Golf GTI) 370.4 p.<br \/>\n5\u00ba N\u00fa\u00f1ez-Andikoetxea (Volkswagen Golf GTI) 392.8 p.<br \/>\n6\u00ba Villota-Isasi (Audi Coupe GT) 453.6 p.<br \/>\n7\u00ba Barredo-Lopez (Ford Escort MK I) 458.7 p.<br \/>\n8\u00ba Alonso-\u00c1lvarez (Bmw 2002 TI) 492.9 p.<br \/>\n9\u00ba Oleaga-Oleaga (MG B GT) 509.5 p.<br \/>\n10\u00ba Rodr\u00edguez-Rodr\u00edguez (MG B) 530.4 p.<\/p>\n","protected":false},"excerpt":{"rendered":"<p>Los c\u00e1ntabros Manuel Macho, padre e hijo, se llevaban la victoria final del Rallyestone 2010 de Cl\u00e1sicos deportivos, \u00a0al volante de su Porsche 911 SC, con una puntuaci\u00f3n total de 244,4 puntos. Por detr\u00e1s se clasificaban los vizca\u00ednos Imanol y Xabier Zorroza, igualmente padre e hijo , con su habitual Mercedes 280 CE, con 270,5 [&hellip;]<\/p>\n","protected":false},"author":1,"featured_media":0,"comment_status":"closed","ping_status":"open","sticky":false,"template":"","format":"standard","meta":{"footnotes":""},"categories":[9,10,16,4,13],"tags":[],"class_list":["post-161","post","type-post","status-publish","format-standard","hentry","category-bizkaia","category-cantabria","category-clasicos","category-rallyes","category-regularidad"],"_links":{"self":[{"href":"https:\/\/www.mfoto.es\/noticias\/index.php?rest_route=\/wp\/v2\/posts\/161","targetHints":{"allow":["GET"]}}],"collection":[{"href":"https:\/\/www.mfoto.es\/noticias\/index.php?rest_route=\/wp\/v2\/posts"}],"about":[{"href":"https:\/\/www.mfoto.es\/noticias\/index.php?rest_route=\/wp\/v2\/types\/post"}],"author":[{"embeddable":true,"href":"https:\/\/www.mfoto.es\/noticias\/index.php?rest_route=\/wp\/v2\/users\/1"}],"replies":[{"embeddable":true,"href":"https:\/\/www.mfoto.es\/noticias\/index.php?rest_route=%2Fwp%2Fv2%2Fcomments&post=161"}],"version-history":[{"count":0,"href":"https:\/\/www.mfoto.es\/noticias\/index.php?rest_route=\/wp\/v2\/posts\/161\/revisions"}],"wp:attachment":[{"href":"https:\/\/www.mfoto.es\/noticias\/index.php?rest_route=%2Fwp%2Fv2%2Fmedia&parent=161"}],"wp:term":[{"taxonomy":"category","embeddable":true,"href":"https:\/\/www.mfoto.es\/noticias\/index.php?rest_route=%2Fwp%2Fv2%2Fcategories&post=161"},{"taxonomy":"post_tag","embeddable":true,"href":"https:\/\/www.mfoto.es\/noticias\/index.php?rest_route=%2Fwp%2Fv2%2Ftags&post=161"}],"curies":[{"name":"wp","href":"https:\/\/api.w.org\/{rel}","templated":true}]}}