{"id":1597,"date":"2012-04-16T15:48:46","date_gmt":"2012-04-16T14:48:46","guid":{"rendered":"http:\/\/www.mfoto.es\/noticias\/?p=1597"},"modified":"2012-06-19T18:54:45","modified_gmt":"2012-06-19T17:54:45","slug":"alberto-hevia-gana-un-invernal-rally-de-tineo","status":"publish","type":"post","link":"https:\/\/www.mfoto.es\/noticias\/?p=1597","title":{"rendered":"Alberto Hevia gana un invernal Rally de Tineo"},"content":{"rendered":"<p><img loading=\"lazy\" decoding=\"async\" class=\"alignnone size-full wp-image-1598\" title=\"014_hevia_tineo\" src=\"https:\/\/www.mfoto.es\/noticias\/wp-content\/uploads_2012\/014_hevia_tineo.jpg\" alt=\"\" width=\"450\" height=\"300\" srcset=\"https:\/\/www.mfoto.es\/noticias\/wp-content\/uploads_2012\/014_hevia_tineo.jpg 450w, https:\/\/www.mfoto.es\/noticias\/wp-content\/uploads_2012\/014_hevia_tineo-300x200.jpg 300w\" sizes=\"auto, (max-width: 450px) 100vw, 450px\" \/><\/p>\n<p>Alberto Hevia y Alberto Iglesias con el Skoda Fabia S2000 se han llevado la victoria en el Rallye de Tineo, con 1:46 minutos de ventaja sobre los hermanos F\u00e9lix y Miguel \u00c1ngel Garc\u00eda, que llevaban un Mitsubishi EVO IX. La tercera plaza era para Jos\u00e9 Ram\u00f3n e Ignacio Rodr\u00edguez, con otro Mitsubishi EVO IX, a 2:05.<\/p>\n<p>Las condiciones climatol\u00f3gicas condicionaron mucho\u00a0la prueba, se tuvo que suspender parte del recorrido por el granizo y la nieve y al final terminaron 62 equipos de los 122 que tomaron la salida.<\/p>\n<p>Clasificaci\u00f3n:<br \/>\n1\u00ba Hevia-Iglesias (skoda Fabia S2000) 50:57.4<br \/>\n2\u00ba Garc\u00eda-Garc\u00eda (Mitsubishi Evo IX) a 1:46.1<br \/>\n3\u00ba Rodr\u00edguez-Rodr\u00edguez (Mitsubishi Evo IX) a 2:05.5<br \/>\n4\u00ba Monarri-Sanju\u00e1n (Subaru Impreza N15) a 2:06.6<br \/>\n5\u00ba Fern\u00e1ndez-Iglesias (Renault Clio Sport) a 2:59.9<\/p>\n<p>&nbsp;<\/p>\n","protected":false},"excerpt":{"rendered":"<p>Alberto Hevia y Alberto Iglesias con el Skoda Fabia S2000 se han llevado la victoria en el Rallye de Tineo, con 1:46 minutos de ventaja sobre los hermanos F\u00e9lix y Miguel \u00c1ngel Garc\u00eda, que llevaban un Mitsubishi EVO IX. La tercera plaza era para Jos\u00e9 Ram\u00f3n e Ignacio Rodr\u00edguez, con otro Mitsubishi EVO IX, a [&hellip;]<\/p>\n","protected":false},"author":1,"featured_media":0,"comment_status":"closed","ping_status":"closed","sticky":false,"template":"","format":"standard","meta":{"footnotes":""},"categories":[15,69,4],"tags":[],"class_list":["post-1597","post","type-post","status-publish","format-standard","hentry","category-asturias","category-hevia","category-rallyes"],"_links":{"self":[{"href":"https:\/\/www.mfoto.es\/noticias\/index.php?rest_route=\/wp\/v2\/posts\/1597","targetHints":{"allow":["GET"]}}],"collection":[{"href":"https:\/\/www.mfoto.es\/noticias\/index.php?rest_route=\/wp\/v2\/posts"}],"about":[{"href":"https:\/\/www.mfoto.es\/noticias\/index.php?rest_route=\/wp\/v2\/types\/post"}],"author":[{"embeddable":true,"href":"https:\/\/www.mfoto.es\/noticias\/index.php?rest_route=\/wp\/v2\/users\/1"}],"replies":[{"embeddable":true,"href":"https:\/\/www.mfoto.es\/noticias\/index.php?rest_route=%2Fwp%2Fv2%2Fcomments&post=1597"}],"version-history":[{"count":5,"href":"https:\/\/www.mfoto.es\/noticias\/index.php?rest_route=\/wp\/v2\/posts\/1597\/revisions"}],"predecessor-version":[{"id":1726,"href":"https:\/\/www.mfoto.es\/noticias\/index.php?rest_route=\/wp\/v2\/posts\/1597\/revisions\/1726"}],"wp:attachment":[{"href":"https:\/\/www.mfoto.es\/noticias\/index.php?rest_route=%2Fwp%2Fv2%2Fmedia&parent=1597"}],"wp:term":[{"taxonomy":"category","embeddable":true,"href":"https:\/\/www.mfoto.es\/noticias\/index.php?rest_route=%2Fwp%2Fv2%2Fcategories&post=1597"},{"taxonomy":"post_tag","embeddable":true,"href":"https:\/\/www.mfoto.es\/noticias\/index.php?rest_route=%2Fwp%2Fv2%2Ftags&post=1597"}],"curies":[{"name":"wp","href":"https:\/\/api.w.org\/{rel}","templated":true}]}}