{"id":1584,"date":"2012-03-25T16:13:40","date_gmt":"2012-03-25T15:13:40","guid":{"rendered":"http:\/\/www.mfoto.es\/noticias\/?p=1584"},"modified":"2012-07-08T10:26:00","modified_gmt":"2012-07-08T09:26:00","slug":"victoria-de-senra-en-el-rallye-de-guriezo","status":"publish","type":"post","link":"https:\/\/www.mfoto.es\/noticias\/?p=1584","title":{"rendered":"Victoria de Senra en el Rallye de Guriezo"},"content":{"rendered":"<p><img loading=\"lazy\" decoding=\"async\" class=\"alignleft\" src=\"https:\/\/www.mfoto.es\/logos\/foto.gif\" alt=\"\" width=\"50\" height=\"36\" \/><\/p>\n<p><strong><a href=\"https:\/\/www.mfoto.es\/fotos\/2012\/007_guriezo\/\">FOTOS RALLYE DE GURIEZO<\/a><\/strong><\/p>\n<p><img loading=\"lazy\" decoding=\"async\" class=\"alignnone size-full wp-image-1585\" title=\"012_senra_guriezo\" src=\"https:\/\/www.mfoto.es\/noticias\/wp-content\/uploads_2012\/012_senra_guriezo.jpg\" alt=\"\" width=\"450\" height=\"299\" srcset=\"https:\/\/www.mfoto.es\/noticias\/wp-content\/uploads_2012\/012_senra_guriezo.jpg 450w, https:\/\/www.mfoto.es\/noticias\/wp-content\/uploads_2012\/012_senra_guriezo-300x199.jpg 300w\" sizes=\"auto, (max-width: 450px) 100vw, 450px\" \/><\/p>\n<p>El gallego Victor Senra se impon\u00eda en el Rallye de Guriezo con un Mitsubishi EVO X.<br \/>\nA 27 segundos se clasificaba Javier Espa\u00f1a con otro Mitsubishi EVO X en segunda posici\u00f3n y la tercera plaza del podium era para Iker Gayoso a 43 segundos con un Mitsubishi EVO IX.<\/p>\n<p>Surhayen Pern\u00eda lograba la victoria en la Copa Hankook y en la categor\u00eda Junior.<\/p>\n<p>Gorka Antxustegi sal\u00eda para rodar con el nuevo Suzuki Swift Sport de la copa e I\u00f1aki Barredo era el primer clasificado en las categor\u00edas de Propulsion y Cl\u00e1sicos de velocidad.<\/p>\n<p>CLASIFICACI\u00d3N:<\/p>\n<p>1\u00ba Senra-V\u00e1zquez (Mitsubishi EVO X) 28:27<br \/>\n2\u00ba Espa\u00f1a-Odriozola (Mitsubishi EVO. X) 28:54<br \/>\n3\u00ba Gayoso-Enr\u00edquez (Mitsubishi EVO IX) 29:10<br \/>\n4\u00ba Polidura-Aguirre (Subaru Impreza STI) 29:51<br \/>\n5\u00ba Pe\u00f1a-Celis (Citro\u00ebn C2 R2 Max) 29:52<br \/>\n&#8212;&#8212;&#8212;&#8212;&#8212;&#8212;&#8212;&#8212;&#8212;&#8212;&#8212;&#8212;&#8212;&#8212;&#8212;&#8211;<br \/>\n13\u00ba Arrate-Bereziartua (Citro\u00ebn Saxo VTS) 31:09<br \/>\n&#8212;&#8212;&#8212;&#8212;&#8212;&#8212;&#8212;&#8212;&#8212;&#8212;&#8212;&#8212;&#8212;&#8212;&#8212;&#8211;<br \/>\n18\u00ba Tricio-Mella (Mitsubishi EVO V) 32:11<br \/>\n&#8212;&#8212;&#8212;&#8212;&#8212;&#8212;&#8212;&#8212;&#8212;&#8212;&#8212;&#8212;&#8212;&#8212;&#8212;&#8211;<br \/>\n20\u00ba Antxustegi-Su\u00e1rez (Suzuki Swift Sport) 32:47<br \/>\n&#8212;&#8212;&#8212;&#8212;&#8212;&#8212;&#8212;&#8212;&#8212;&#8212;&#8212;&#8212;&#8212;&#8212;&#8212;&#8211;<br \/>\n21\u00ba Barredo-Larrinaga (Ford Escort MKI) 33:26<\/p>\n","protected":false},"excerpt":{"rendered":"<p>FOTOS RALLYE DE GURIEZO El gallego Victor Senra se impon\u00eda en el Rallye de Guriezo con un Mitsubishi EVO X. A 27 segundos se clasificaba Javier Espa\u00f1a con otro Mitsubishi EVO X en segunda posici\u00f3n y la tercera plaza del podium era para Iker Gayoso a 43 segundos con un Mitsubishi EVO IX. Surhayen Pern\u00eda [&hellip;]<\/p>\n","protected":false},"author":1,"featured_media":0,"comment_status":"closed","ping_status":"closed","sticky":false,"template":"","format":"standard","meta":{"footnotes":""},"categories":[51,56,10,76,55,4,70],"tags":[],"class_list":["post-1584","post","type-post","status-publish","format-standard","hentry","category-antxustegi","category-barredo","category-cantabria","category-espana","category-gayoso","category-rallyes","category-senra"],"_links":{"self":[{"href":"https:\/\/www.mfoto.es\/noticias\/index.php?rest_route=\/wp\/v2\/posts\/1584","targetHints":{"allow":["GET"]}}],"collection":[{"href":"https:\/\/www.mfoto.es\/noticias\/index.php?rest_route=\/wp\/v2\/posts"}],"about":[{"href":"https:\/\/www.mfoto.es\/noticias\/index.php?rest_route=\/wp\/v2\/types\/post"}],"author":[{"embeddable":true,"href":"https:\/\/www.mfoto.es\/noticias\/index.php?rest_route=\/wp\/v2\/users\/1"}],"replies":[{"embeddable":true,"href":"https:\/\/www.mfoto.es\/noticias\/index.php?rest_route=%2Fwp%2Fv2%2Fcomments&post=1584"}],"version-history":[{"count":9,"href":"https:\/\/www.mfoto.es\/noticias\/index.php?rest_route=\/wp\/v2\/posts\/1584\/revisions"}],"predecessor-version":[{"id":1761,"href":"https:\/\/www.mfoto.es\/noticias\/index.php?rest_route=\/wp\/v2\/posts\/1584\/revisions\/1761"}],"wp:attachment":[{"href":"https:\/\/www.mfoto.es\/noticias\/index.php?rest_route=%2Fwp%2Fv2%2Fmedia&parent=1584"}],"wp:term":[{"taxonomy":"category","embeddable":true,"href":"https:\/\/www.mfoto.es\/noticias\/index.php?rest_route=%2Fwp%2Fv2%2Fcategories&post=1584"},{"taxonomy":"post_tag","embeddable":true,"href":"https:\/\/www.mfoto.es\/noticias\/index.php?rest_route=%2Fwp%2Fv2%2Ftags&post=1584"}],"curies":[{"name":"wp","href":"https:\/\/api.w.org\/{rel}","templated":true}]}}