{"id":1561,"date":"2012-03-19T14:58:34","date_gmt":"2012-03-19T13:58:34","guid":{"rendered":"http:\/\/www.mfoto.es\/noticias\/?p=1561"},"modified":"2012-06-19T18:56:26","modified_gmt":"2012-06-19T17:56:26","slug":"podium-de-antxustegi-en-el-rallye-islas-canarias","status":"publish","type":"post","link":"https:\/\/www.mfoto.es\/noticias\/?p=1561","title":{"rendered":"Podium de Antxustegi en el Rallye Islas Canarias"},"content":{"rendered":"<p><img loading=\"lazy\" decoding=\"async\" class=\"alignleft\" src=\"https:\/\/www.mfoto.es\/logos\/foto.gif\" alt=\"\" width=\"50\" height=\"36\" \/><\/p>\n<p><strong><a href=\"https:\/\/www.mfoto.es\/fotos\/2012\/005_canarias\/\">FOTOS RALLYE ISLAS CANARIAS<\/a><\/strong><\/p>\n<p><img loading=\"lazy\" decoding=\"async\" class=\"alignnone size-full wp-image-1562\" title=\"010_antxustegi_canarias\" src=\"https:\/\/www.mfoto.es\/noticias\/wp-content\/uploads_2012\/010_antxustegi_canarias.jpg\" alt=\"\" width=\"450\" height=\"300\" srcset=\"https:\/\/www.mfoto.es\/noticias\/wp-content\/uploads_2012\/010_antxustegi_canarias.jpg 450w, https:\/\/www.mfoto.es\/noticias\/wp-content\/uploads_2012\/010_antxustegi_canarias-300x200.jpg 300w\" sizes=\"auto, (max-width: 450px) 100vw, 450px\" \/><\/p>\n<p>El piloto bizkaino Gorka Antxustegi se sub\u00eda al podium en el Rallye Islas Canarias, que puntuaba para el International Rallye Challenge (IRC) y para el Campeonato de Espa\u00f1a de Rallyes.<\/p>\n<p>Gorka Antxustegi finaliz\u00f3 en segunda posici\u00f3n de la categor\u00eda de dos ruedas motrices, a s\u00f3lo 18,6 segundos de su compa\u00f1ero de equipo, Joan Vinyes, ambos con los Suzuki Swift S1600 del equipo Suzuki Ib\u00e9rica y tras marcar el mejor tiempo en seis de los quince tramos cronometrados por los que se disputaba el rallye.<\/p>\n<p>En el International Rallye Challenge (IRC), Antxustegi se clasificaba en la s\u00e9ptima posici\u00f3n absoluta y en la clasificaci\u00f3n para el Campeonato de Espa\u00f1a de Rallyes lo hac\u00eda en sexta posici\u00f3n.<\/p>\n<p>El ganador de la prueba era el piloto checo Jan Kopecky con un Skoda Fabia S2000 y para el Campeonato de Espa\u00f1a el ganador era el alicantino Miguel Fuster con un Porsche 911 GT3.<\/p>\n<p>&nbsp;<\/p>\n<p>CLASIFICACI\u00d3N FINAL IRC 2RM:<br \/>\n1\u00ba Vinyes-Mercader (Suzuki Swift S1600) 2:30:46.8<br \/>\n<strong>2\u00ba Antxustegi-Su\u00e1rez (Suzuki Swift S1600) a 18.6<\/strong><br \/>\n3\u00ba Marrero-Marrero (Honda Civic Type-R) a 2:27.1<\/p>\n<p>&nbsp;<\/p>\n<p>CLASIFICACI\u00d3N FINAL CAMPEONATO ESPA\u00d1A:<br \/>\n1\u00ba Fuster-Avi\u00f1o (Porsche 911 GT3) 2:24:11.8<br \/>\n2\u00ba Monz\u00f3n-D\u00e9niz (Peugeot 207 S2000) a 48.3<br \/>\n3\u00ba Vallejo-L\u00f3pez (Porsche 911 GT3) a 59.9<br \/>\n&#8212;&#8212;&#8212;&#8212;&#8212;&#8212;&#8212;&#8212;&#8212;&#8212;&#8212;&#8212;&#8212;&#8212;&#8212;-<br \/>\n<strong>6\u00ba Antxustegi-Su\u00e1rez (Suzuki Swift S1600) a 6:53.6<\/strong><\/p>\n<p>&nbsp;<\/p>\n<p>CLASIFICACI\u00d3N FINAL IRC:<br \/>\n1\u00ba Kopecky-Dresler (Skoda Fabia S2000) 2:21:46.5<br \/>\n2\u00ba Mikkelsen-Floene (Skoda Fabia S2000) a 28.3<br \/>\n3\u00ba Monz\u00f3n-D\u00e9niz (Peugeot 207 S2000) a 3:13.6<br \/>\n&#8212;&#8212;&#8212;&#8212;&#8212;&#8212;&#8212;&#8212;&#8212;&#8212;&#8212;&#8212;&#8212;&#8212;&#8212;-<br \/>\n<strong>7\u00ba Antxustegi-Su\u00e1rez (Suzuki Swift S1600) a 9:18.9<\/strong><\/p>\n<p>&nbsp;<\/p>\n","protected":false},"excerpt":{"rendered":"<p>FOTOS RALLYE ISLAS CANARIAS El piloto bizkaino Gorka Antxustegi se sub\u00eda al podium en el Rallye Islas Canarias, que puntuaba para el International Rallye Challenge (IRC) y para el Campeonato de Espa\u00f1a de Rallyes. Gorka Antxustegi finaliz\u00f3 en segunda posici\u00f3n de la categor\u00eda de dos ruedas motrices, a s\u00f3lo 18,6 segundos de su compa\u00f1ero de [&hellip;]<\/p>\n","protected":false},"author":1,"featured_media":0,"comment_status":"closed","ping_status":"closed","sticky":false,"template":"","format":"standard","meta":{"footnotes":""},"categories":[51,9,18,68,52,73,5,4,72],"tags":[],"class_list":["post-1561","post","type-post","status-publish","format-standard","hentry","category-antxustegi","category-bizkaia","category-canarias","category-fuster","category-irc","category-kopecky","category-nacional","category-rallyes","category-vinyes"],"_links":{"self":[{"href":"https:\/\/www.mfoto.es\/noticias\/index.php?rest_route=\/wp\/v2\/posts\/1561","targetHints":{"allow":["GET"]}}],"collection":[{"href":"https:\/\/www.mfoto.es\/noticias\/index.php?rest_route=\/wp\/v2\/posts"}],"about":[{"href":"https:\/\/www.mfoto.es\/noticias\/index.php?rest_route=\/wp\/v2\/types\/post"}],"author":[{"embeddable":true,"href":"https:\/\/www.mfoto.es\/noticias\/index.php?rest_route=\/wp\/v2\/users\/1"}],"replies":[{"embeddable":true,"href":"https:\/\/www.mfoto.es\/noticias\/index.php?rest_route=%2Fwp%2Fv2%2Fcomments&post=1561"}],"version-history":[{"count":11,"href":"https:\/\/www.mfoto.es\/noticias\/index.php?rest_route=\/wp\/v2\/posts\/1561\/revisions"}],"predecessor-version":[{"id":1728,"href":"https:\/\/www.mfoto.es\/noticias\/index.php?rest_route=\/wp\/v2\/posts\/1561\/revisions\/1728"}],"wp:attachment":[{"href":"https:\/\/www.mfoto.es\/noticias\/index.php?rest_route=%2Fwp%2Fv2%2Fmedia&parent=1561"}],"wp:term":[{"taxonomy":"category","embeddable":true,"href":"https:\/\/www.mfoto.es\/noticias\/index.php?rest_route=%2Fwp%2Fv2%2Fcategories&post=1561"},{"taxonomy":"post_tag","embeddable":true,"href":"https:\/\/www.mfoto.es\/noticias\/index.php?rest_route=%2Fwp%2Fv2%2Ftags&post=1561"}],"curies":[{"name":"wp","href":"https:\/\/api.w.org\/{rel}","templated":true}]}}