{"id":1553,"date":"2012-03-18T20:28:46","date_gmt":"2012-03-18T19:28:46","guid":{"rendered":"http:\/\/www.mfoto.es\/noticias\/?p=1553"},"modified":"2012-06-19T18:57:13","modified_gmt":"2012-06-19T17:57:13","slug":"jan-kopecky-repite-victoria-en-el-rallye-islas-canarias","status":"publish","type":"post","link":"https:\/\/www.mfoto.es\/noticias\/?p=1553","title":{"rendered":"Jan Kopecky repite victoria en el Rallye Islas Canarias"},"content":{"rendered":"<p><img loading=\"lazy\" decoding=\"async\" class=\"alignleft\" src=\"https:\/\/www.mfoto.es\/logos\/foto.gif\" alt=\"\" width=\"50\" height=\"36\" \/><\/p>\n<p><strong><a href=\"https:\/\/www.mfoto.es\/fotos\/2012\/005_canarias\/\">FOTOS RALLYE ISLAS CANARIAS<\/a><\/strong><\/p>\n<p><img loading=\"lazy\" decoding=\"async\" class=\"alignnone size-full wp-image-1554\" title=\"009_kopecky_canarias\" src=\"https:\/\/www.mfoto.es\/noticias\/wp-content\/uploads_2012\/009_kopecky_canarias.jpg\" alt=\"\" width=\"450\" height=\"300\" srcset=\"https:\/\/www.mfoto.es\/noticias\/wp-content\/uploads_2012\/009_kopecky_canarias.jpg 450w, https:\/\/www.mfoto.es\/noticias\/wp-content\/uploads_2012\/009_kopecky_canarias-300x200.jpg 300w\" sizes=\"auto, (max-width: 450px) 100vw, 450px\" \/><\/p>\n<p>El piloto checo Jan Kopecky del equipo Skoda Motorsport con un Skoda Fabia S2000, repiti\u00f3 su victoria del 2010 en el Rallye Islas Canarias.<\/p>\n<p>Kopecky mantuvo una lucha constante con el noruego Andreas Mikkelsen, con el Skoda Fabia S2000 del equipo Skoda UK Motorsport, con diferencias m\u00ednimas entre ellos durante todo el rallye, pero unos problemas de motor en el coche de Mikkelsen en el \u00faltimo tramo, facilitaron la victoria a Kopecky.<\/p>\n<p>En tercera posici\u00f3n, se clasificaba el canario Luis Monz\u00f3n con un Peugeot 207 S2000, alejado del duelo de los dos primeros, tras estar bastante tiempo sin disputar un rallye.<\/p>\n<p>En la categor\u00eda de dos ruedas motrices dominaron Joan Vinyes y Gorka Antxustegi con los Suzuki Swift S1600 y la tercera plaza era para Angel Marrero con un Honda Civic Type-R.<\/p>\n<p>La clasificaci\u00f3n para el Campeonato de Espa\u00f1a la lideraba el actual campe\u00f3n Miguel Fuster con el Porsche 911 GT3, Luis Monz\u00f3n con el Peugeot 207 S2000 era segundo a 48,3 segundos y la tercera plaza era para Sergio Vallejo con otro Porsche 911 GT3 a 59.9 segundos.<\/p>\n<p>En la Challenge Renault Twingo, consegu\u00eda la victoria el c\u00e1ntabro Marcos Diego.<\/p>\n<p>&nbsp;<\/p>\n<p>CLASIFICACI\u00d3N FINAL IRC:<br \/>\n1\u00ba Kopecky-Dresler (Skoda Fabia S2000) 2:21:46.5<br \/>\n2\u00ba Mikkelsen-Floene (Skoda Fabia S2000) a 28.3<br \/>\n3\u00ba Monz\u00f3n-D\u00e9niz (Peugeot 207 S2000) a 3:13.6<br \/>\n4\u00ba Wiegand-Gottschalk (Skoda Fabia S2000) a 4:32.0<br \/>\n5\u00ba P\u00e9rez-Velasco (Peugeot 207 S2000) a 7:29.3<br \/>\n6\u00ba Vinyes-Mercader (Suzuki Swift S1600) a 9:00.3<br \/>\n7\u00ba Antxustegi-Su\u00e1rez (Suzuki Swift S1600) a 9:18.9<br \/>\n8\u00ba Marrero-Marrero (Honda Civic Type-R) a 11:27.4<br \/>\n9\u00ba Puskadi-Godor (Skoda Fabia S2000) a 12:03.3<br \/>\n10\u00ba Al Ketbi-Al Kendi (Skoda Fabia S2000) a 14:43.2<\/p>\n<p>&nbsp;<\/p>\n<p>CLASIFICACI\u00d3N FINAL CAMPEONATO ESPA\u00d1A:<br \/>\n1\u00ba Fuster-Avi\u00f1o (Porsche 911 GT3) 2:24:11.8<br \/>\n2\u00ba Monz\u00f3n-D\u00e9niz (Peugeot 207 S2000) a 48.3<br \/>\n3\u00ba Vallejo-L\u00f3pez (Porsche 911 GT3) a 59.9<br \/>\n4\u00ba P\u00e9rez-Velasco (Peugeot 207 S2000) a 5:04.0<br \/>\n5\u00ba Vinyes-Mercader (Suzuki Swift S1600) a 6:35.0<br \/>\n6\u00ba Antxustegi-Su\u00e1rez (Suzuki Swift S1600) a 6:53.6<br \/>\n7\u00ba Marrero-Marrero (Honda Civic Type-R) a 9:02.1<br \/>\n8\u00ba Marb\u00e1n-Ferreiro (Porsche 911 GT3) a 9:20.7<br \/>\n9\u00ba Hern\u00e1ndez-Pereira (Honda Civic Type-R) a 12:48.5<br \/>\n10\u00ba Lemes-Vega (Ford Fiesta R2) a 15:09.2<\/p>\n<p>&nbsp;<\/p>\n","protected":false},"excerpt":{"rendered":"<p>FOTOS RALLYE ISLAS CANARIAS El piloto checo Jan Kopecky del equipo Skoda Motorsport con un Skoda Fabia S2000, repiti\u00f3 su victoria del 2010 en el Rallye Islas Canarias. Kopecky mantuvo una lucha constante con el noruego Andreas Mikkelsen, con el Skoda Fabia S2000 del equipo Skoda UK Motorsport, con diferencias m\u00ednimas entre ellos durante todo [&hellip;]<\/p>\n","protected":false},"author":1,"featured_media":0,"comment_status":"closed","ping_status":"closed","sticky":false,"template":"","format":"standard","meta":{"footnotes":""},"categories":[51,18,68,52,73,5,4],"tags":[],"class_list":["post-1553","post","type-post","status-publish","format-standard","hentry","category-antxustegi","category-canarias","category-fuster","category-irc","category-kopecky","category-nacional","category-rallyes"],"_links":{"self":[{"href":"https:\/\/www.mfoto.es\/noticias\/index.php?rest_route=\/wp\/v2\/posts\/1553","targetHints":{"allow":["GET"]}}],"collection":[{"href":"https:\/\/www.mfoto.es\/noticias\/index.php?rest_route=\/wp\/v2\/posts"}],"about":[{"href":"https:\/\/www.mfoto.es\/noticias\/index.php?rest_route=\/wp\/v2\/types\/post"}],"author":[{"embeddable":true,"href":"https:\/\/www.mfoto.es\/noticias\/index.php?rest_route=\/wp\/v2\/users\/1"}],"replies":[{"embeddable":true,"href":"https:\/\/www.mfoto.es\/noticias\/index.php?rest_route=%2Fwp%2Fv2%2Fcomments&post=1553"}],"version-history":[{"count":12,"href":"https:\/\/www.mfoto.es\/noticias\/index.php?rest_route=\/wp\/v2\/posts\/1553\/revisions"}],"predecessor-version":[{"id":1729,"href":"https:\/\/www.mfoto.es\/noticias\/index.php?rest_route=\/wp\/v2\/posts\/1553\/revisions\/1729"}],"wp:attachment":[{"href":"https:\/\/www.mfoto.es\/noticias\/index.php?rest_route=%2Fwp%2Fv2%2Fmedia&parent=1553"}],"wp:term":[{"taxonomy":"category","embeddable":true,"href":"https:\/\/www.mfoto.es\/noticias\/index.php?rest_route=%2Fwp%2Fv2%2Fcategories&post=1553"},{"taxonomy":"post_tag","embeddable":true,"href":"https:\/\/www.mfoto.es\/noticias\/index.php?rest_route=%2Fwp%2Fv2%2Ftags&post=1553"}],"curies":[{"name":"wp","href":"https:\/\/api.w.org\/{rel}","templated":true}]}}