{"id":1546,"date":"2012-03-14T18:01:20","date_gmt":"2012-03-14T17:01:20","guid":{"rendered":"http:\/\/www.mfoto.es\/noticias\/?p=1546"},"modified":"2012-03-19T15:04:22","modified_gmt":"2012-03-19T14:04:22","slug":"gorka-antxustegi-empieza-la-temporada-en-en-rallye-islas-canarias","status":"publish","type":"post","link":"https:\/\/www.mfoto.es\/noticias\/?p=1546","title":{"rendered":"Gorka Antxustegi empieza la temporada en el Rallye Islas Canarias"},"content":{"rendered":"<p><img loading=\"lazy\" decoding=\"async\" class=\"alignnone size-full wp-image-1547\" title=\"008_antxustegi_canarias\" src=\"https:\/\/www.mfoto.es\/noticias\/wp-content\/uploads_2012\/008_antxustegi_canarias.jpg\" alt=\"\" width=\"450\" height=\"300\" srcset=\"https:\/\/www.mfoto.es\/noticias\/wp-content\/uploads_2012\/008_antxustegi_canarias.jpg 450w, https:\/\/www.mfoto.es\/noticias\/wp-content\/uploads_2012\/008_antxustegi_canarias-300x200.jpg 300w\" sizes=\"auto, (max-width: 450px) 100vw, 450px\" \/><\/p>\n<p>El bizkaino Gorka Antxustegi empezar\u00e1 la temporada nacional 2011 en el Rallye Islas Canarias, a bordo de uno de los Suzuki Swift S1600 del equipo Suzuki Ib\u00e9rica y estar\u00e1 acompa\u00f1ado de nuevo por el asturiano Gabri Su\u00e1rez en las labores de copiloto.<\/p>\n<p>El Rallye Islas Canarias ser\u00e1 la primera prueba del Campeonato de Espa\u00f1a de Rallyes 2012 y la segunda prueba del Intercontinental Rally Challenge tras el Rally de Azores disputado recientemente.<\/p>\n<p>La prueba se celebrar\u00e1 los d\u00edas viernes 16 y s\u00e1bado 17 de Marzo en la isla de Gran Canaria y consta de 15 tramos que suman 240 kil\u00f3metros cronometrados. El final de la prueba ser\u00e1 en Las Palmas a las 18:00 horas del s\u00e1bado 17.<\/p>\n<p>M\u00e1s informaci\u00f3n:<\/p>\n<p><a href=\"http:\/\/www.rallyislascanarias.com\/\" target=\"_blank\">http:\/\/www.rallyislascanarias.com\/<\/a><\/p>\n<p><a href=\"http:\/\/www.ircseries.com\/\" target=\"_blank\">http:\/\/www.ircseries.com\/<\/a><\/p>\n<p>&nbsp;<\/p>\n","protected":false},"excerpt":{"rendered":"<p>El bizkaino Gorka Antxustegi empezar\u00e1 la temporada nacional 2011 en el Rallye Islas Canarias, a bordo de uno de los Suzuki Swift S1600 del equipo Suzuki Ib\u00e9rica y estar\u00e1 acompa\u00f1ado de nuevo por el asturiano Gabri Su\u00e1rez en las labores de copiloto. El Rallye Islas Canarias ser\u00e1 la primera prueba del Campeonato de Espa\u00f1a de [&hellip;]<\/p>\n","protected":false},"author":1,"featured_media":0,"comment_status":"closed","ping_status":"closed","sticky":false,"template":"","format":"standard","meta":{"footnotes":""},"categories":[51,9,18,52,5,4],"tags":[],"class_list":["post-1546","post","type-post","status-publish","format-standard","hentry","category-antxustegi","category-bizkaia","category-canarias","category-irc","category-nacional","category-rallyes"],"_links":{"self":[{"href":"https:\/\/www.mfoto.es\/noticias\/index.php?rest_route=\/wp\/v2\/posts\/1546","targetHints":{"allow":["GET"]}}],"collection":[{"href":"https:\/\/www.mfoto.es\/noticias\/index.php?rest_route=\/wp\/v2\/posts"}],"about":[{"href":"https:\/\/www.mfoto.es\/noticias\/index.php?rest_route=\/wp\/v2\/types\/post"}],"author":[{"embeddable":true,"href":"https:\/\/www.mfoto.es\/noticias\/index.php?rest_route=\/wp\/v2\/users\/1"}],"replies":[{"embeddable":true,"href":"https:\/\/www.mfoto.es\/noticias\/index.php?rest_route=%2Fwp%2Fv2%2Fcomments&post=1546"}],"version-history":[{"count":5,"href":"https:\/\/www.mfoto.es\/noticias\/index.php?rest_route=\/wp\/v2\/posts\/1546\/revisions"}],"predecessor-version":[{"id":1574,"href":"https:\/\/www.mfoto.es\/noticias\/index.php?rest_route=\/wp\/v2\/posts\/1546\/revisions\/1574"}],"wp:attachment":[{"href":"https:\/\/www.mfoto.es\/noticias\/index.php?rest_route=%2Fwp%2Fv2%2Fmedia&parent=1546"}],"wp:term":[{"taxonomy":"category","embeddable":true,"href":"https:\/\/www.mfoto.es\/noticias\/index.php?rest_route=%2Fwp%2Fv2%2Fcategories&post=1546"},{"taxonomy":"post_tag","embeddable":true,"href":"https:\/\/www.mfoto.es\/noticias\/index.php?rest_route=%2Fwp%2Fv2%2Ftags&post=1546"}],"curies":[{"name":"wp","href":"https:\/\/api.w.org\/{rel}","templated":true}]}}