{"id":1539,"date":"2012-03-11T12:32:24","date_gmt":"2012-03-11T11:32:24","guid":{"rendered":"http:\/\/www.mfoto.es\/noticias\/?p=1539"},"modified":"2012-06-19T18:54:26","modified_gmt":"2012-06-19T17:54:26","slug":"manolo-cabo-gana-el-rallysprint-de-hoznayo","status":"publish","type":"post","link":"https:\/\/www.mfoto.es\/noticias\/?p=1539","title":{"rendered":"Manolo Cabo gana el Rallysprint de Hoznayo"},"content":{"rendered":"<p><img loading=\"lazy\" decoding=\"async\" class=\"alignleft\" src=\"https:\/\/www.mfoto.es\/logos\/foto.gif\" alt=\"\" width=\"50\" height=\"36\" \/><\/p>\n<p><strong><a href=\"https:\/\/www.mfoto.es\/fotos\/2012\/004_hoznayo\/\">FOTOS RALLYSPRINT DE HOZNAYO<\/a><\/strong><\/p>\n<p><img loading=\"lazy\" decoding=\"async\" class=\"alignnone size-full wp-image-1540\" title=\"007_cabo_hoznayo\" src=\"https:\/\/www.mfoto.es\/noticias\/wp-content\/uploads_2012\/007_cabo_hoznayo.jpg\" alt=\"\" width=\"450\" height=\"300\" srcset=\"https:\/\/www.mfoto.es\/noticias\/wp-content\/uploads_2012\/007_cabo_hoznayo.jpg 450w, https:\/\/www.mfoto.es\/noticias\/wp-content\/uploads_2012\/007_cabo_hoznayo-300x200.jpg 300w\" sizes=\"auto, (max-width: 450px) 100vw, 450px\" \/><\/p>\n<p>Manolo Cabo con el Citroen C2 S1600 de Autogomas se impon\u00eda por 3,9 segundos a Marcos Diego que conduc\u00eda un Subaru Impreza en esta ocasi\u00f3n y que hizo el mejor tiempo en cuatro de las seis pasadas de la prueba.<\/p>\n<p>Jonathan Cabo con un Renault Clio Sport, consegu\u00eda la tercera plaza a 17 segundos, tras luchar continuamente con Joseba Gayoso, que llevaba un Mitsubishi EVO IX, con el que termin\u00f3 a s\u00f3lo 3,8 segundos de Jonathan.<\/p>\n<p>Rub\u00e9n Salces con un Citroen Saxo VTS ganaba la clasificaci\u00f3n Junior e I\u00f1aki Barredo lideraba la clasificaci\u00f3n de Propulsi\u00f3n con el Ford Escort MK I, en una prueba en la que terminaron 19 participantes de los 22 que tomaron la salida y que se disput\u00f3 con un d\u00eda soleado.<\/p>\n<p>CLASIFICACI\u00d3N:<\/p>\n<p>1\u00ba Cabo-Fern\u00e1ndez (Citro\u00ebn C2 S1600) 18:14.860<br \/>\n2\u00ba Diego-Diego (Subaru Impreza N14) 18:18.800<br \/>\n3\u00ba Cabo-Gonz\u00e1lez (Renault Clio Sport) 18:32.020<br \/>\n4\u00ba Gayoso-Enriquez (Mitsubishi Evo IX) 18:35.830<br \/>\n5\u00ba Garc\u00eda-Cuevas (Citro\u00ebn Saxo VTS) 19:14.360<br \/>\n6\u00ba P\u00e9rez-Sota (Peugeot 205 Rallye) 19:51.710<br \/>\n7\u00ba L\u00f3pez-De Dios (Subaru Impreza N14) 19:59.380<br \/>\n8\u00ba Salces-D\u00edaz (Citro\u00ebn Saxo VTS) 20:21.820<br \/>\n9\u00ba Canales-Alberdi (Citro\u00ebn AX Sport) 20:23.240<br \/>\n10\u00ba Quirce-Trueba (Lancia Delta Int. 16V) 21:06.270<\/p>\n","protected":false},"excerpt":{"rendered":"<p>FOTOS RALLYSPRINT DE HOZNAYO Manolo Cabo con el Citroen C2 S1600 de Autogomas se impon\u00eda por 3,9 segundos a Marcos Diego que conduc\u00eda un Subaru Impreza en esta ocasi\u00f3n y que hizo el mejor tiempo en cuatro de las seis pasadas de la prueba. Jonathan Cabo con un Renault Clio Sport, consegu\u00eda la tercera plaza [&hellip;]<\/p>\n","protected":false},"author":1,"featured_media":0,"comment_status":"closed","ping_status":"closed","sticky":false,"template":"","format":"standard","meta":{"footnotes":""},"categories":[56,71,10,55,4],"tags":[],"class_list":["post-1539","post","type-post","status-publish","format-standard","hentry","category-barredo","category-cabo","category-cantabria","category-gayoso","category-rallyes"],"_links":{"self":[{"href":"https:\/\/www.mfoto.es\/noticias\/index.php?rest_route=\/wp\/v2\/posts\/1539","targetHints":{"allow":["GET"]}}],"collection":[{"href":"https:\/\/www.mfoto.es\/noticias\/index.php?rest_route=\/wp\/v2\/posts"}],"about":[{"href":"https:\/\/www.mfoto.es\/noticias\/index.php?rest_route=\/wp\/v2\/types\/post"}],"author":[{"embeddable":true,"href":"https:\/\/www.mfoto.es\/noticias\/index.php?rest_route=\/wp\/v2\/users\/1"}],"replies":[{"embeddable":true,"href":"https:\/\/www.mfoto.es\/noticias\/index.php?rest_route=%2Fwp%2Fv2%2Fcomments&post=1539"}],"version-history":[{"count":6,"href":"https:\/\/www.mfoto.es\/noticias\/index.php?rest_route=\/wp\/v2\/posts\/1539\/revisions"}],"predecessor-version":[{"id":1725,"href":"https:\/\/www.mfoto.es\/noticias\/index.php?rest_route=\/wp\/v2\/posts\/1539\/revisions\/1725"}],"wp:attachment":[{"href":"https:\/\/www.mfoto.es\/noticias\/index.php?rest_route=%2Fwp%2Fv2%2Fmedia&parent=1539"}],"wp:term":[{"taxonomy":"category","embeddable":true,"href":"https:\/\/www.mfoto.es\/noticias\/index.php?rest_route=%2Fwp%2Fv2%2Fcategories&post=1539"},{"taxonomy":"post_tag","embeddable":true,"href":"https:\/\/www.mfoto.es\/noticias\/index.php?rest_route=%2Fwp%2Fv2%2Ftags&post=1539"}],"curies":[{"name":"wp","href":"https:\/\/api.w.org\/{rel}","templated":true}]}}