{"id":1534,"date":"2012-03-05T13:53:53","date_gmt":"2012-03-05T12:53:53","guid":{"rendered":"http:\/\/www.mfoto.es\/noticias\/?p=1534"},"modified":"2012-04-22T18:33:04","modified_gmt":"2012-04-22T17:33:04","slug":"victoria-de-roland-holke-en-el-rallysprint-de-gabiria","status":"publish","type":"post","link":"https:\/\/www.mfoto.es\/noticias\/?p=1534","title":{"rendered":"Victoria de Roland Holke en el Rallysprint de Gabiria"},"content":{"rendered":"<p><img loading=\"lazy\" decoding=\"async\" class=\"alignleft\" src=\"https:\/\/www.mfoto.es\/logos\/foto.gif\" alt=\"\" width=\"50\" height=\"36\" \/><\/p>\n<p><strong><a href=\"https:\/\/www.mfoto.es\/fotos\/2012\/003_gabiria\/\">FOTOS RALLYSPRINT DE GABIRIA<\/a><\/strong><\/p>\n<p><img loading=\"lazy\" decoding=\"async\" class=\"alignnone size-full wp-image-1535\" title=\"006_holke_gabiria\" src=\"https:\/\/www.mfoto.es\/noticias\/wp-content\/uploads_2012\/006_holke_gabiria.jpg\" alt=\"\" width=\"450\" height=\"300\" srcset=\"https:\/\/www.mfoto.es\/noticias\/wp-content\/uploads_2012\/006_holke_gabiria.jpg 450w, https:\/\/www.mfoto.es\/noticias\/wp-content\/uploads_2012\/006_holke_gabiria-300x200.jpg 300w\" sizes=\"auto, (max-width: 450px) 100vw, 450px\" \/><\/p>\n<p>El Rallysprint de Gabiria abr\u00eda la temporada vasca de velocidad, con 54 equipos en la salida y con un firme muy resbaladizo por la lluvia ca\u00edda.<\/p>\n<p>Roland Holke se impon\u00eda con el Mitsubishi EVO IX marcando pr\u00e1cticamente el mismo tiempo en las tres pasadas. A 14,9 segundos, Joseba Zapirain se hac\u00eda con la segunda plaza con el Peugeot 206 WRC y la tercera posici\u00f3n era para Labaka con el Mitsubishi EVO V, a s\u00f3lo medio segundo de Zapirain.<\/p>\n<p>Antxustegi y Jaio empataban en el Trofeo Vasco de F\u00f3rmula Libre y Antxustegi se llevaba la primera posici\u00f3n por haber marcado el mejor tiempo en la primera pasada.<\/p>\n<p>El Trofeo Junior era para Maikel Iriarte con un Citroen Saxo VTS.<\/p>\n<p>CLASIFICACI\u00d3N:<\/p>\n<p>1\u00ba Holke-Go\u00f1i (Mitsubishi Evo IX) 14:01.6<br \/>\n2\u00ba Zapirain-Zapirain (Peugeot 206 WRC) 14:16.5<br \/>\n3\u00ba Labaka-Otaegi (Mitsubishi Evo V) 14:17.0<br \/>\n4\u00ba Antxustegi-Urresti (Peugeot 205 Rallye) 14:21.9<br \/>\n5\u00ba Jaio-Urkidi (BMW 325i) 14:21.9<\/p>\n","protected":false},"excerpt":{"rendered":"<p>FOTOS RALLYSPRINT DE GABIRIA El Rallysprint de Gabiria abr\u00eda la temporada vasca de velocidad, con 54 equipos en la salida y con un firme muy resbaladizo por la lluvia ca\u00edda. Roland Holke se impon\u00eda con el Mitsubishi EVO IX marcando pr\u00e1cticamente el mismo tiempo en las tres pasadas. A 14,9 segundos, Joseba Zapirain se hac\u00eda [&hellip;]<\/p>\n","protected":false},"author":1,"featured_media":0,"comment_status":"closed","ping_status":"closed","sticky":false,"template":"","format":"standard","meta":{"footnotes":""},"categories":[51,6,4],"tags":[],"class_list":["post-1534","post","type-post","status-publish","format-standard","hentry","category-antxustegi","category-euskadi","category-rallyes"],"_links":{"self":[{"href":"https:\/\/www.mfoto.es\/noticias\/index.php?rest_route=\/wp\/v2\/posts\/1534","targetHints":{"allow":["GET"]}}],"collection":[{"href":"https:\/\/www.mfoto.es\/noticias\/index.php?rest_route=\/wp\/v2\/posts"}],"about":[{"href":"https:\/\/www.mfoto.es\/noticias\/index.php?rest_route=\/wp\/v2\/types\/post"}],"author":[{"embeddable":true,"href":"https:\/\/www.mfoto.es\/noticias\/index.php?rest_route=\/wp\/v2\/users\/1"}],"replies":[{"embeddable":true,"href":"https:\/\/www.mfoto.es\/noticias\/index.php?rest_route=%2Fwp%2Fv2%2Fcomments&post=1534"}],"version-history":[{"count":4,"href":"https:\/\/www.mfoto.es\/noticias\/index.php?rest_route=\/wp\/v2\/posts\/1534\/revisions"}],"predecessor-version":[{"id":1628,"href":"https:\/\/www.mfoto.es\/noticias\/index.php?rest_route=\/wp\/v2\/posts\/1534\/revisions\/1628"}],"wp:attachment":[{"href":"https:\/\/www.mfoto.es\/noticias\/index.php?rest_route=%2Fwp%2Fv2%2Fmedia&parent=1534"}],"wp:term":[{"taxonomy":"category","embeddable":true,"href":"https:\/\/www.mfoto.es\/noticias\/index.php?rest_route=%2Fwp%2Fv2%2Fcategories&post=1534"},{"taxonomy":"post_tag","embeddable":true,"href":"https:\/\/www.mfoto.es\/noticias\/index.php?rest_route=%2Fwp%2Fv2%2Ftags&post=1534"}],"curies":[{"name":"wp","href":"https:\/\/api.w.org\/{rel}","templated":true}]}}