{"id":130,"date":"2010-03-31T11:13:26","date_gmt":"2010-03-31T10:13:26","guid":{"rendered":"http:\/\/www.mfoto.es\/2011\/?p=130"},"modified":"2010-03-31T11:13:26","modified_gmt":"2010-03-31T10:13:26","slug":"fuster-domina-en-el-rallye-la-vila-joiosa","status":"publish","type":"post","link":"https:\/\/www.mfoto.es\/noticias\/?p=130","title":{"rendered":"Fuster domina en el Rallye La Vila Joiosa"},"content":{"rendered":"<p><img loading=\"lazy\" decoding=\"async\" class=\"alignleft\" src=\"https:\/\/www.mfoto.es\/logos\/foto.gif\" alt=\"\" width=\"50\" height=\"36\" \/><\/p>\n<p><a href=\"https:\/\/www.mfoto.es\/fotos\/2010\/10_vila_joiosa\/index.html\">VER FOTOS DEL RALLYE LA VILA JOIOSA<\/a><\/p>\n<p><a href=\"https:\/\/www.mfoto.es\/2011\/wp-content\/uploads\/15_fuster_vilajoiosa.jpg\"><\/a><\/p>\n<p><a href=\"https:\/\/www.mfoto.es\/2011\/wp-content\/uploads\/15_fuster_vilajoiosa.jpg\"><\/a><a href=\"https:\/\/www.mfoto.es\/2011\/wp-content\/uploads\/15_fuster_vilajoiosa.jpg\"><\/a><\/p>\n<p><a href=\"https:\/\/www.mfoto.es\/noticias\/wp-content\/uploads_2012\/015_fuster_vilajoiosa.jpg\"><img loading=\"lazy\" decoding=\"async\" class=\"alignnone size-full wp-image-138\" title=\"015_fuster_vilajoiosa\" src=\"https:\/\/www.mfoto.es\/noticias\/wp-content\/uploads_2012\/015_fuster_vilajoiosa.jpg\" alt=\"\" width=\"450\" height=\"300\" srcset=\"https:\/\/www.mfoto.es\/noticias\/wp-content\/uploads_2012\/015_fuster_vilajoiosa.jpg 450w, https:\/\/www.mfoto.es\/noticias\/wp-content\/uploads_2012\/015_fuster_vilajoiosa-300x200.jpg 300w\" sizes=\"auto, (max-width: 450px) 100vw, 450px\" \/><\/a><\/p>\n<p>Miguel Fuster domin\u00f3 el Rallye La Vila Joiosa con su Porsche 911 GT3, a continuaci\u00f3n se situaban Alberto Hevia con el Skoda Fabia S2000 a 32 seg. y Sergio Vallejo con el nuevo Ford Fiesta S2000 a 1:29.<\/p>\n<p>El grupo N fue a parar a manos del gallego Pedro Burgo con un Mitsubishi Evo X, la Mitsubishi Evo Cup fue para el vasco Xabier Lujua con otro Mitsubishi Evo X y la Challenge Clio R3 para los asturianos Arias.<\/p>\n<p>El equipo Suzuki con los Swift S1600 con Joan Vinyes y Gorka Antxustegi, llegaron al octavo y noveno puesto de la general y encabezaban la Copa de espa\u00f1a de dos ruedas motrices.<\/p>\n<p>El Trofeo de Producci\u00f3n era para el madrile\u00f1o Ruben Gracia con un Mitsubishi Evo X y el Trofeo Junior para el asturiano Jose Antonio Suarez \u00abCohete\u00bb con un Renault Clio R3.<\/p>\n<p>La pr\u00f3xima prueba del Campeonato de Espa\u00f1a de Rallyes ser\u00e1 el Rallye de Canarias y tambi\u00e9n ser\u00e1 puntuable para la International Rallye Challenge (IRC), por lo que se espera una gran inscripci\u00f3n.<\/p>\n<p>CLASIFICACI\u00d3N:<\/p>\n<p>1\u00ba Fuster-Avi\u00f1o (Porsche 911 GT3) 1:46:10.6<br \/>\n2\u00ba Hevia-Iglesias (Skoda Fabia S2000) a 32.0<br \/>\n3\u00ba Vallejo-Vallejo (Ford Fiesta S2000) a 1:29.1<br \/>\n4\u00ba Burgo-Burgo (Mitsubishi Evo X) a 2:48.6<br \/>\n5\u00ba Ojeda-Marcos (Subaru Impreza WRX STI) a 3:24.5<br \/>\n6\u00ba Mu\u00f1iz-Blanco (Ford Fiesta S2000) a 4:30.8<br \/>\n7\u00ba Lujua-Burgos (Mitsubishi Evo X) a 4:36.3<br \/>\n8\u00ba Vinyes-Mercader (Suzuki Swift S1600) a 4:38.3<br \/>\n9\u00ba Antxustegi-Suarez (Suzuki Swift S1600) a 6:04.3<br \/>\n10\u00ba Arias-Arias (Renault Clio R3) a 6:46.2<\/p>\n","protected":false},"excerpt":{"rendered":"<p>VER FOTOS DEL RALLYE LA VILA JOIOSA Miguel Fuster domin\u00f3 el Rallye La Vila Joiosa con su Porsche 911 GT3, a continuaci\u00f3n se situaban Alberto Hevia con el Skoda Fabia S2000 a 32 seg. y Sergio Vallejo con el nuevo Ford Fiesta S2000 a 1:29. El grupo N fue a parar a manos del gallego [&hellip;]<\/p>\n","protected":false},"author":1,"featured_media":0,"comment_status":"closed","ping_status":"open","sticky":false,"template":"","format":"standard","meta":{"footnotes":""},"categories":[165,51,54,5,4],"tags":[],"class_list":["post-130","post","type-post","status-publish","format-standard","hentry","category-alicante","category-antxustegi","category-lujua","category-nacional","category-rallyes"],"_links":{"self":[{"href":"https:\/\/www.mfoto.es\/noticias\/index.php?rest_route=\/wp\/v2\/posts\/130","targetHints":{"allow":["GET"]}}],"collection":[{"href":"https:\/\/www.mfoto.es\/noticias\/index.php?rest_route=\/wp\/v2\/posts"}],"about":[{"href":"https:\/\/www.mfoto.es\/noticias\/index.php?rest_route=\/wp\/v2\/types\/post"}],"author":[{"embeddable":true,"href":"https:\/\/www.mfoto.es\/noticias\/index.php?rest_route=\/wp\/v2\/users\/1"}],"replies":[{"embeddable":true,"href":"https:\/\/www.mfoto.es\/noticias\/index.php?rest_route=%2Fwp%2Fv2%2Fcomments&post=130"}],"version-history":[{"count":0,"href":"https:\/\/www.mfoto.es\/noticias\/index.php?rest_route=\/wp\/v2\/posts\/130\/revisions"}],"wp:attachment":[{"href":"https:\/\/www.mfoto.es\/noticias\/index.php?rest_route=%2Fwp%2Fv2%2Fmedia&parent=130"}],"wp:term":[{"taxonomy":"category","embeddable":true,"href":"https:\/\/www.mfoto.es\/noticias\/index.php?rest_route=%2Fwp%2Fv2%2Fcategories&post=130"},{"taxonomy":"post_tag","embeddable":true,"href":"https:\/\/www.mfoto.es\/noticias\/index.php?rest_route=%2Fwp%2Fv2%2Ftags&post=130"}],"curies":[{"name":"wp","href":"https:\/\/api.w.org\/{rel}","templated":true}]}}