{"id":1248,"date":"2011-11-25T13:00:42","date_gmt":"2011-11-25T12:00:42","guid":{"rendered":"http:\/\/www.mfoto.es\/2011\/?p=1248"},"modified":"2011-11-25T13:00:42","modified_gmt":"2011-11-25T12:00:42","slug":"cinco-equipos-vascos-en-el-rallye-de-madrid","status":"publish","type":"post","link":"https:\/\/www.mfoto.es\/noticias\/?p=1248","title":{"rendered":"Cinco equipos vascos en el Rallye de Madrid"},"content":{"rendered":"<p><img loading=\"lazy\" decoding=\"async\" class=\"alignnone size-full wp-image-1249\" title=\"087_vascos_madrid\" src=\"https:\/\/www.mfoto.es\/noticias\/wp-content\/uploads_2012\/087_vascos_madrid.jpg\" alt=\"\" width=\"450\" height=\"300\" srcset=\"https:\/\/www.mfoto.es\/noticias\/wp-content\/uploads_2012\/087_vascos_madrid.jpg 450w, https:\/\/www.mfoto.es\/noticias\/wp-content\/uploads_2012\/087_vascos_madrid-300x200.jpg 300w\" sizes=\"auto, (max-width: 450px) 100vw, 450px\" \/><\/p>\n<p>Cinco ser\u00e1n los equipos vascos que disputar\u00e1n el Rallye Comunidad de Madrid \u2013 RACE que se celebra ma\u00f1ana por las carreteras de la sierra madrile\u00f1a y en el Circuito del Jarama y que ser\u00e1 la \u00faltima prueba puntuable para el Campeonato de Espa\u00f1a de Rallyes del 2011.<\/p>\n<p>Gorka Antxustegi, con el Suzuki Swift S1600 del equipo oficial Suzuki Ib\u00e9rica, copilotado por el asturiano Gabri Suar\u00e9z, optar\u00e1 a los puestos altos de la clasificaci\u00f3n general en un equipo que con seguridad se proclamar\u00e1 campe\u00f3n de Espa\u00f1a de Marcas tras esta prueba.<\/p>\n<p>Dentro de la Copa Suzuki, junto a otros 12 equipos, participar\u00e1n los hermanos de Sodupe, Txutxi y Alejandro P\u00e9rez y el equipo de Durango formado por I\u00f1igo Olabegogeaskoetxea y Aketza Santacoloma, con sendos Suzuki Swift Sport Gr.N.<\/p>\n<p>El alav\u00e9s Ruben Lapuente y el navarro Javier Goikoetxea con un Peugeot 206 XS \u00a0y los gipuzkoanos Igor Izaguirre y Angel Ruiz con un Citroen Saxo VTS, participar\u00e1n en la Challenge Hankook tras ser los finalistas de la misma Challenge en Euskadi.<\/p>\n<p>El Rallye Comunidad de Madrid \u2013 RACE recorrer\u00e1 10 tramos cronometrados que sumar\u00e1n 150 kil\u00f3metros contra el crono, intercalados en un recorrido total de 717 kil\u00f3metros. La salida est\u00e1 prevista a las 18:00 horas del viernes 25 y la llegada a las 17:37 horas del s\u00e1bado 26 en el Circuito del Jarama.<\/p>\n","protected":false},"excerpt":{"rendered":"<p>Cinco ser\u00e1n los equipos vascos que disputar\u00e1n el Rallye Comunidad de Madrid \u2013 RACE que se celebra ma\u00f1ana por las carreteras de la sierra madrile\u00f1a y en el Circuito del Jarama y que ser\u00e1 la \u00faltima prueba puntuable para el Campeonato de Espa\u00f1a de Rallyes del 2011. Gorka Antxustegi, con el Suzuki Swift S1600 del [&hellip;]<\/p>\n","protected":false},"author":1,"featured_media":0,"comment_status":"closed","ping_status":"closed","sticky":false,"template":"","format":"standard","meta":{"footnotes":""},"categories":[51,34,5,178,4,81],"tags":[],"class_list":["post-1248","post","type-post","status-publish","format-standard","hentry","category-antxustegi","category-madrid","category-nacional","category-olabegogeaskoetxea","category-rallyes","category-txutxi"],"_links":{"self":[{"href":"https:\/\/www.mfoto.es\/noticias\/index.php?rest_route=\/wp\/v2\/posts\/1248","targetHints":{"allow":["GET"]}}],"collection":[{"href":"https:\/\/www.mfoto.es\/noticias\/index.php?rest_route=\/wp\/v2\/posts"}],"about":[{"href":"https:\/\/www.mfoto.es\/noticias\/index.php?rest_route=\/wp\/v2\/types\/post"}],"author":[{"embeddable":true,"href":"https:\/\/www.mfoto.es\/noticias\/index.php?rest_route=\/wp\/v2\/users\/1"}],"replies":[{"embeddable":true,"href":"https:\/\/www.mfoto.es\/noticias\/index.php?rest_route=%2Fwp%2Fv2%2Fcomments&post=1248"}],"version-history":[{"count":0,"href":"https:\/\/www.mfoto.es\/noticias\/index.php?rest_route=\/wp\/v2\/posts\/1248\/revisions"}],"wp:attachment":[{"href":"https:\/\/www.mfoto.es\/noticias\/index.php?rest_route=%2Fwp%2Fv2%2Fmedia&parent=1248"}],"wp:term":[{"taxonomy":"category","embeddable":true,"href":"https:\/\/www.mfoto.es\/noticias\/index.php?rest_route=%2Fwp%2Fv2%2Fcategories&post=1248"},{"taxonomy":"post_tag","embeddable":true,"href":"https:\/\/www.mfoto.es\/noticias\/index.php?rest_route=%2Fwp%2Fv2%2Ftags&post=1248"}],"curies":[{"name":"wp","href":"https:\/\/api.w.org\/{rel}","templated":true}]}}