{"id":1238,"date":"2011-11-15T16:12:14","date_gmt":"2011-11-15T15:12:14","guid":{"rendered":"http:\/\/www.mfoto.es\/2011\/?p=1238"},"modified":"2011-11-15T16:12:14","modified_gmt":"2011-11-15T15:12:14","slug":"txus-jaio-en-el-campeonato-de-espana-de-resistencia","status":"publish","type":"post","link":"https:\/\/www.mfoto.es\/noticias\/?p=1238","title":{"rendered":"Txus Jaio en el Campeonato de Espa\u00f1a de Resistencia"},"content":{"rendered":"<p><img loading=\"lazy\" decoding=\"async\" class=\"alignnone size-full wp-image-1239\" title=\"085_jaio_los_arcos\" src=\"https:\/\/www.mfoto.es\/noticias\/wp-content\/uploads_2012\/085_jaio_los_arcos.jpg\" alt=\"\" width=\"450\" height=\"300\" srcset=\"https:\/\/www.mfoto.es\/noticias\/wp-content\/uploads_2012\/085_jaio_los_arcos.jpg 450w, https:\/\/www.mfoto.es\/noticias\/wp-content\/uploads_2012\/085_jaio_los_arcos-300x200.jpg 300w\" sizes=\"auto, (max-width: 450px) 100vw, 450px\" \/><\/p>\n<p><em>Foto: Peli AVM<\/em><\/p>\n<p>Txus Jaio participaba el pasado fin de semana en la prueba del Campeonato de Espa\u00f1a de Resistencia, celebrada en el Circuito de Los Arcos en Navarra, haciendo equipo con Gabriel Alonso.<\/p>\n<p>El veh\u00edculo utilizado era un Renault Clio Cup, del equipo de Chefo Abella, con el que Jaio termin\u00f3 en la s\u00e9ptima posici\u00f3n en la segunda carrera.<\/p>\n","protected":false},"excerpt":{"rendered":"<p>Foto: Peli AVM Txus Jaio participaba el pasado fin de semana en la prueba del Campeonato de Espa\u00f1a de Resistencia, celebrada en el Circuito de Los Arcos en Navarra, haciendo equipo con Gabriel Alonso. El veh\u00edculo utilizado era un Renault Clio Cup, del equipo de Chefo Abella, con el que Jaio termin\u00f3 en la s\u00e9ptima [&hellip;]<\/p>\n","protected":false},"author":1,"featured_media":0,"comment_status":"closed","ping_status":"closed","sticky":false,"template":"","format":"standard","meta":{"footnotes":""},"categories":[174,4],"tags":[],"class_list":["post-1238","post","type-post","status-publish","format-standard","hentry","category-circuito","category-rallyes"],"_links":{"self":[{"href":"https:\/\/www.mfoto.es\/noticias\/index.php?rest_route=\/wp\/v2\/posts\/1238","targetHints":{"allow":["GET"]}}],"collection":[{"href":"https:\/\/www.mfoto.es\/noticias\/index.php?rest_route=\/wp\/v2\/posts"}],"about":[{"href":"https:\/\/www.mfoto.es\/noticias\/index.php?rest_route=\/wp\/v2\/types\/post"}],"author":[{"embeddable":true,"href":"https:\/\/www.mfoto.es\/noticias\/index.php?rest_route=\/wp\/v2\/users\/1"}],"replies":[{"embeddable":true,"href":"https:\/\/www.mfoto.es\/noticias\/index.php?rest_route=%2Fwp%2Fv2%2Fcomments&post=1238"}],"version-history":[{"count":0,"href":"https:\/\/www.mfoto.es\/noticias\/index.php?rest_route=\/wp\/v2\/posts\/1238\/revisions"}],"wp:attachment":[{"href":"https:\/\/www.mfoto.es\/noticias\/index.php?rest_route=%2Fwp%2Fv2%2Fmedia&parent=1238"}],"wp:term":[{"taxonomy":"category","embeddable":true,"href":"https:\/\/www.mfoto.es\/noticias\/index.php?rest_route=%2Fwp%2Fv2%2Fcategories&post=1238"},{"taxonomy":"post_tag","embeddable":true,"href":"https:\/\/www.mfoto.es\/noticias\/index.php?rest_route=%2Fwp%2Fv2%2Ftags&post=1238"}],"curies":[{"name":"wp","href":"https:\/\/api.w.org\/{rel}","templated":true}]}}