{"id":1228,"date":"2011-11-08T09:58:14","date_gmt":"2011-11-08T08:58:14","guid":{"rendered":"http:\/\/www.mfoto.es\/2011\/?p=1228"},"modified":"2011-11-08T09:58:14","modified_gmt":"2011-11-08T08:58:14","slug":"gorka-antxustegi-segundo-en-2rm-en-el-rallye-sierra-morena","status":"publish","type":"post","link":"https:\/\/www.mfoto.es\/noticias\/?p=1228","title":{"rendered":"Gorka Antxustegi segundo en 2RM en el Rallye Sierra Morena"},"content":{"rendered":"<p><img loading=\"lazy\" decoding=\"async\" class=\"alignleft\" src=\"https:\/\/www.mfoto.es\/logos\/foto.gif\" alt=\"\" width=\"50\" height=\"36\" \/><\/p>\n<p><a href=\"https:\/\/www.mfoto.es\/fotos\/2011\/054_sierra_morena\/index.html\">VER FOTOS DEL RALLYE SIERRA MORENA<\/a><\/p>\n<p><img loading=\"lazy\" decoding=\"async\" class=\"alignnone size-full wp-image-1229\" title=\"083_antxustegi_sierra_morena\" src=\"https:\/\/www.mfoto.es\/noticias\/wp-content\/uploads_2012\/083_antxustegi_sierra_morena.jpg\" alt=\"\" width=\"450\" height=\"300\" srcset=\"https:\/\/www.mfoto.es\/noticias\/wp-content\/uploads_2012\/083_antxustegi_sierra_morena.jpg 450w, https:\/\/www.mfoto.es\/noticias\/wp-content\/uploads_2012\/083_antxustegi_sierra_morena-300x200.jpg 300w\" sizes=\"auto, (max-width: 450px) 100vw, 450px\" \/><\/p>\n<p>El piloto de Markina, Gorka Antxustegi, con el Suzuki Swift S1600 del equipo Suzuki Ib\u00e9rica, terminaba en la segunda plaza de la categor\u00eda de dos ruedas motrices en el Rallye Sierra Morena disputado el pasado fin de semana en C\u00f3rdoba. En la clasificaci\u00f3n general era sexto tras su compa\u00f1ero de equipo, el andorrano Joan Vinyes.<\/p>\n<p>Con este resultado el equipo Suzuki acaricia el Campeonato de Espa\u00f1a de Marcas, a falta de s\u00f3lo 8 puntos y el Rallye de Madrid por disputar.<\/p>\n<p>El otro equipo bizkaino presente en esta prueba, los hermanos de Sodupe, Txutxi y Alejandro P\u00e9rez, acababan en la decimoprimera posici\u00f3n de la Copa Suzuki Swift y en la vig\u00e9simosexta de la clasificaci\u00f3n general.<\/p>\n<p>La victoria de la prueba era para los hermanos Vallejo con un Porsche 911 GT3.<\/p>\n<p>CLASIFICACI\u00d3N:<br \/>\n1\u00ba Vallejo-Vallejo (Porsche 911 GT3) 1:35:16.1<br \/>\n2\u00ba P\u00e9rez-Chamorro (Peugeot 207 S2000) a 18.8<br \/>\n3\u00ba P\u00e9rez-Velasco (Peugeot 207 S2000) a 1:09.2<br \/>\n4\u00ba Fuster-Avi\u00f1\u00f3 (Porsche 911 GT3) a 2:01.1<br \/>\n5\u00ba Vinyes-Mercader (Suzuki Swift S1600) a 2:14.8<br \/>\n<strong>6\u00ba Antxustegi-Su\u00e1rez (Suzuki Swift S1600) a 3:18.9<\/strong><br \/>\n7\u00ba Mantec\u00f3n-Noriega (Mitsubishi EVO X) a 5:30.5<br \/>\n8\u00ba Marb\u00e1n-Sanz (Mitsubishi EVO X) a 7:21.9<br \/>\n9\u00ba Arias-Arias (Renault Twingo R2) a 9:08.3<br \/>\n10\u00ba Ballesteros-Sarasua (Renault Twingo R2) a 9:56.8<br \/>\n&#8212;&#8212;&#8212;&#8212;&#8212;&#8212;&#8212;&#8212;&#8212;&#8212;&#8212;&#8212;&#8212;&#8212;&#8212;&#8212;&#8212;<br \/>\n<strong>26\u00ba P\u00e9rez-P\u00e9rez (Suzuki Swift Sport) a 18:59.6<\/strong><\/p>\n","protected":false},"excerpt":{"rendered":"<p>VER FOTOS DEL RALLYE SIERRA MORENA El piloto de Markina, Gorka Antxustegi, con el Suzuki Swift S1600 del equipo Suzuki Ib\u00e9rica, terminaba en la segunda plaza de la categor\u00eda de dos ruedas motrices en el Rallye Sierra Morena disputado el pasado fin de semana en C\u00f3rdoba. En la clasificaci\u00f3n general era sexto tras su compa\u00f1ero [&hellip;]<\/p>\n","protected":false},"author":1,"featured_media":0,"comment_status":"closed","ping_status":"closed","sticky":false,"template":"","format":"standard","meta":{"footnotes":""},"categories":[110,51,5,4,81],"tags":[],"class_list":["post-1228","post","type-post","status-publish","format-standard","hentry","category-andalucia","category-antxustegi","category-nacional","category-rallyes","category-txutxi"],"_links":{"self":[{"href":"https:\/\/www.mfoto.es\/noticias\/index.php?rest_route=\/wp\/v2\/posts\/1228","targetHints":{"allow":["GET"]}}],"collection":[{"href":"https:\/\/www.mfoto.es\/noticias\/index.php?rest_route=\/wp\/v2\/posts"}],"about":[{"href":"https:\/\/www.mfoto.es\/noticias\/index.php?rest_route=\/wp\/v2\/types\/post"}],"author":[{"embeddable":true,"href":"https:\/\/www.mfoto.es\/noticias\/index.php?rest_route=\/wp\/v2\/users\/1"}],"replies":[{"embeddable":true,"href":"https:\/\/www.mfoto.es\/noticias\/index.php?rest_route=%2Fwp%2Fv2%2Fcomments&post=1228"}],"version-history":[{"count":0,"href":"https:\/\/www.mfoto.es\/noticias\/index.php?rest_route=\/wp\/v2\/posts\/1228\/revisions"}],"wp:attachment":[{"href":"https:\/\/www.mfoto.es\/noticias\/index.php?rest_route=%2Fwp%2Fv2%2Fmedia&parent=1228"}],"wp:term":[{"taxonomy":"category","embeddable":true,"href":"https:\/\/www.mfoto.es\/noticias\/index.php?rest_route=%2Fwp%2Fv2%2Fcategories&post=1228"},{"taxonomy":"post_tag","embeddable":true,"href":"https:\/\/www.mfoto.es\/noticias\/index.php?rest_route=%2Fwp%2Fv2%2Ftags&post=1228"}],"curies":[{"name":"wp","href":"https:\/\/api.w.org\/{rel}","templated":true}]}}