{"id":1222,"date":"2011-11-07T17:26:47","date_gmt":"2011-11-07T16:26:47","guid":{"rendered":"http:\/\/www.mfoto.es\/2011\/?p=1222"},"modified":"2011-11-07T17:26:47","modified_gmt":"2011-11-07T16:26:47","slug":"el-rallye-sierra-morena-para-los-hermanos-vallejo","status":"publish","type":"post","link":"https:\/\/www.mfoto.es\/noticias\/?p=1222","title":{"rendered":"El Rallye Sierra Morena para los hermanos Vallejo"},"content":{"rendered":"<p><img loading=\"lazy\" decoding=\"async\" class=\"alignleft\" src=\"https:\/\/www.mfoto.es\/logos\/foto.gif\" alt=\"\" width=\"50\" height=\"36\" \/><\/p>\n<p><a href=\"https:\/\/www.mfoto.es\/fotos\/2011\/054_sierra_morena\/index.html\">VER FOTOS DEL RALLYE SIERRA MORENA<\/a><\/p>\n<p><img loading=\"lazy\" decoding=\"async\" class=\"alignnone size-full wp-image-1223\" title=\"082_vallejo_sierra_morena\" src=\"https:\/\/www.mfoto.es\/noticias\/wp-content\/uploads_2012\/082_vallejo_sierra_morena.jpg\" alt=\"\" width=\"450\" height=\"300\" srcset=\"https:\/\/www.mfoto.es\/noticias\/wp-content\/uploads_2012\/082_vallejo_sierra_morena.jpg 450w, https:\/\/www.mfoto.es\/noticias\/wp-content\/uploads_2012\/082_vallejo_sierra_morena-300x200.jpg 300w\" sizes=\"auto, (max-width: 450px) 100vw, 450px\" \/><\/p>\n<p>Sergio y Diego Vallejo con un Porsche 911 GT3 se adjudicaban el Rallye Sierra Morena sin dejar el liderato durante toda la prueba. La segunda plaza era para el andaluz David P\u00e9rez con un Peugeot 207 S2000 a 18,8 segundos y la tercera para el asturiano Jonathan P\u00e9rez con otro Peugeot 207 S2000, ya a algo m\u00e1s de un minuto.<\/p>\n<p>Miguel Fuster con otro Porsche 911 GT3 se aseguraba terminar la prueba y se proclamaba por tercera vez Campe\u00f3n de Espa\u00f1a de Rallyes.<\/p>\n<p>En las copas, victorias de Eugenio Mantec\u00f3n en la Mitsubishi EVO CUP y en la Copa de Espa\u00f1a de Gr.N, de Pablo Rey en la Copa Suzuki Swift y de Miguel Arias en la Challenge Renault Twingo R2.<\/p>\n<p>CLASIFICACI\u00d3N:<br \/>\n1\u00ba Vallejo-Vallejo (Porsche 911 GT3) 1:35:16.1<br \/>\n2\u00ba P\u00e9rez-Chamorro (Peugeot 207 S2000) a 18.8<br \/>\n3\u00ba P\u00e9rez-Velasco (Peugeot 207 S2000) a 1:09.2<br \/>\n4\u00ba Fuster-Avi\u00f1\u00f3 (Porsche 911 GT3) a 2:01.1<br \/>\n5\u00ba Vinyes-Mercader (Suzuki Swift S1600) a 2:14.8<br \/>\n6\u00ba Antxustegi-Su\u00e1rez (Suzuki Swift S1600) a 3:18.9<br \/>\n7\u00ba Mantec\u00f3n-Noriega (Mitsubishi EVO X) a 5:30.5<br \/>\n8\u00ba Marb\u00e1n-Sanz (Mitsubishi EVO X) a 7:21.9<br \/>\n9\u00ba Arias-Arias (Renault Twingo R2) a 9:08.3<br \/>\n10\u00ba Ballesteros-Sarasua (Renault Twingo R2) a 9:56.8<\/p>\n","protected":false},"excerpt":{"rendered":"<p>VER FOTOS DEL RALLYE SIERRA MORENA Sergio y Diego Vallejo con un Porsche 911 GT3 se adjudicaban el Rallye Sierra Morena sin dejar el liderato durante toda la prueba. La segunda plaza era para el andaluz David P\u00e9rez con un Peugeot 207 S2000 a 18,8 segundos y la tercera para el asturiano Jonathan P\u00e9rez con [&hellip;]<\/p>\n","protected":false},"author":1,"featured_media":0,"comment_status":"closed","ping_status":"closed","sticky":false,"template":"","format":"standard","meta":{"footnotes":""},"categories":[110,51,5,4,81],"tags":[],"class_list":["post-1222","post","type-post","status-publish","format-standard","hentry","category-andalucia","category-antxustegi","category-nacional","category-rallyes","category-txutxi"],"_links":{"self":[{"href":"https:\/\/www.mfoto.es\/noticias\/index.php?rest_route=\/wp\/v2\/posts\/1222","targetHints":{"allow":["GET"]}}],"collection":[{"href":"https:\/\/www.mfoto.es\/noticias\/index.php?rest_route=\/wp\/v2\/posts"}],"about":[{"href":"https:\/\/www.mfoto.es\/noticias\/index.php?rest_route=\/wp\/v2\/types\/post"}],"author":[{"embeddable":true,"href":"https:\/\/www.mfoto.es\/noticias\/index.php?rest_route=\/wp\/v2\/users\/1"}],"replies":[{"embeddable":true,"href":"https:\/\/www.mfoto.es\/noticias\/index.php?rest_route=%2Fwp%2Fv2%2Fcomments&post=1222"}],"version-history":[{"count":0,"href":"https:\/\/www.mfoto.es\/noticias\/index.php?rest_route=\/wp\/v2\/posts\/1222\/revisions"}],"wp:attachment":[{"href":"https:\/\/www.mfoto.es\/noticias\/index.php?rest_route=%2Fwp%2Fv2%2Fmedia&parent=1222"}],"wp:term":[{"taxonomy":"category","embeddable":true,"href":"https:\/\/www.mfoto.es\/noticias\/index.php?rest_route=%2Fwp%2Fv2%2Fcategories&post=1222"},{"taxonomy":"post_tag","embeddable":true,"href":"https:\/\/www.mfoto.es\/noticias\/index.php?rest_route=%2Fwp%2Fv2%2Ftags&post=1222"}],"curies":[{"name":"wp","href":"https:\/\/api.w.org\/{rel}","templated":true}]}}