{"id":1213,"date":"2011-11-04T18:10:53","date_gmt":"2011-11-04T17:10:53","guid":{"rendered":"http:\/\/www.mfoto.es\/2011\/?p=1213"},"modified":"2011-11-04T18:10:53","modified_gmt":"2011-11-04T17:10:53","slug":"los-bizkainos-gorka-antxustegi-y-txutxi-perez-en-el-rallye-sierra-morena","status":"publish","type":"post","link":"https:\/\/www.mfoto.es\/noticias\/?p=1213","title":{"rendered":"Los bizkainos Gorka Antxustegi y Txutxi P\u00e9rez en el Rallye Sierra Morena"},"content":{"rendered":"<p><img loading=\"lazy\" decoding=\"async\" class=\"alignnone size-full wp-image-1214\" title=\"080_txutxi_sierra_morena\" src=\"https:\/\/www.mfoto.es\/noticias\/wp-content\/uploads_2012\/080_txutxi_sierra_morena.jpg\" alt=\"\" width=\"450\" height=\"300\" srcset=\"https:\/\/www.mfoto.es\/noticias\/wp-content\/uploads_2012\/080_txutxi_sierra_morena.jpg 450w, https:\/\/www.mfoto.es\/noticias\/wp-content\/uploads_2012\/080_txutxi_sierra_morena-300x200.jpg 300w\" sizes=\"auto, (max-width: 450px) 100vw, 450px\" \/><\/p>\n<p>Dos equipos bizkainos participar\u00e1n en el Rallye Sierra Morena, que se disputar\u00e1 el s\u00e1bado 5 de Noviembre en C\u00f3rdoba, con puntuabilidad para el Campeonato de Espa\u00f1a de Rallyes.<\/p>\n<p>El piloto de Markina, Gorka Antxustegi acompa\u00f1ado por el asturiano Gabriel Su\u00e1rez, con uno de los dos Suzuki Swift S1600 del equipo Suzuki Ib\u00e9rica, clasificados actualmente en la octava plaza de la clasificaci\u00f3n absoluta del Campeonato de Espa\u00f1a de Rallyes y en la segunda plaza en la Copa de Espa\u00f1a de 2 ruedas motrices hasta 1600.<\/p>\n<p>Los hermanos de Sodupe, Txutxi y Alejandro P\u00e9rez, participan con otros 14 equipos, incluidos en la Copa Suzuki Swift, en la que est\u00e1n clasificados en duod\u00e9cima posici\u00f3n con 29 puntos.<\/p>\n<p>El Rallye Sierra Morena recorrer\u00e1 610 kil\u00f3metros y cuenta con 8 tramos cronometrados que totalizan 155 kil\u00f3metros de velocidad. La salida ser\u00e1 desde la asistencia situada en Ciudad Mercedes a las 7:00 horas del S\u00e1bado d\u00eda 5 y la llegada a las 21:30 horas en el Paseo de la Victoria de C\u00f3rdoba.<\/p>\n<p>M\u00e1s informaci\u00f3n:<\/p>\n<p>\u00a0<a href=\"http:\/\/www.rallyesierramorena.com\/\" target=\"_blank\">http:\/\/www.rallyesierramorena.com\/<\/a><\/p>\n","protected":false},"excerpt":{"rendered":"<p>Dos equipos bizkainos participar\u00e1n en el Rallye Sierra Morena, que se disputar\u00e1 el s\u00e1bado 5 de Noviembre en C\u00f3rdoba, con puntuabilidad para el Campeonato de Espa\u00f1a de Rallyes. El piloto de Markina, Gorka Antxustegi acompa\u00f1ado por el asturiano Gabriel Su\u00e1rez, con uno de los dos Suzuki Swift S1600 del equipo Suzuki Ib\u00e9rica, clasificados actualmente en [&hellip;]<\/p>\n","protected":false},"author":1,"featured_media":0,"comment_status":"closed","ping_status":"closed","sticky":false,"template":"","format":"standard","meta":{"footnotes":""},"categories":[110,51,5,4,81],"tags":[],"class_list":["post-1213","post","type-post","status-publish","format-standard","hentry","category-andalucia","category-antxustegi","category-nacional","category-rallyes","category-txutxi"],"_links":{"self":[{"href":"https:\/\/www.mfoto.es\/noticias\/index.php?rest_route=\/wp\/v2\/posts\/1213","targetHints":{"allow":["GET"]}}],"collection":[{"href":"https:\/\/www.mfoto.es\/noticias\/index.php?rest_route=\/wp\/v2\/posts"}],"about":[{"href":"https:\/\/www.mfoto.es\/noticias\/index.php?rest_route=\/wp\/v2\/types\/post"}],"author":[{"embeddable":true,"href":"https:\/\/www.mfoto.es\/noticias\/index.php?rest_route=\/wp\/v2\/users\/1"}],"replies":[{"embeddable":true,"href":"https:\/\/www.mfoto.es\/noticias\/index.php?rest_route=%2Fwp%2Fv2%2Fcomments&post=1213"}],"version-history":[{"count":0,"href":"https:\/\/www.mfoto.es\/noticias\/index.php?rest_route=\/wp\/v2\/posts\/1213\/revisions"}],"wp:attachment":[{"href":"https:\/\/www.mfoto.es\/noticias\/index.php?rest_route=%2Fwp%2Fv2%2Fmedia&parent=1213"}],"wp:term":[{"taxonomy":"category","embeddable":true,"href":"https:\/\/www.mfoto.es\/noticias\/index.php?rest_route=%2Fwp%2Fv2%2Fcategories&post=1213"},{"taxonomy":"post_tag","embeddable":true,"href":"https:\/\/www.mfoto.es\/noticias\/index.php?rest_route=%2Fwp%2Fv2%2Ftags&post=1213"}],"curies":[{"name":"wp","href":"https:\/\/api.w.org\/{rel}","templated":true}]}}