{"id":1179,"date":"2011-10-10T17:54:40","date_gmt":"2011-10-10T16:54:40","guid":{"rendered":"http:\/\/www.mfoto.es\/2011\/?p=1179"},"modified":"2011-10-10T17:54:40","modified_gmt":"2011-10-10T16:54:40","slug":"buen-resultado-de-los-pilotos-bizkainos-en-el-rallye-de-llanes","status":"publish","type":"post","link":"https:\/\/www.mfoto.es\/noticias\/?p=1179","title":{"rendered":"Buen resultado de los pilotos bizkainos en el Rallye de Llanes"},"content":{"rendered":"<p><img loading=\"lazy\" decoding=\"async\" class=\"alignleft\" src=\"https:\/\/www.mfoto.es\/logos\/foto.gif\" alt=\"\" width=\"50\" height=\"36\" \/><\/p>\n<p><a href=\"https:\/\/www.mfoto.es\/fotos\/2011\/049_llanes\/index.html\">VER FOTOS DEL RALLYE DE LLANES<\/a><\/p>\n<p><img loading=\"lazy\" decoding=\"async\" class=\"alignnone size-full wp-image-1180\" title=\"075_lujua_llanes\" src=\"https:\/\/www.mfoto.es\/noticias\/wp-content\/uploads_2012\/075_lujua_llanes.jpg\" alt=\"\" width=\"450\" height=\"300\" srcset=\"https:\/\/www.mfoto.es\/noticias\/wp-content\/uploads_2012\/075_lujua_llanes.jpg 450w, https:\/\/www.mfoto.es\/noticias\/wp-content\/uploads_2012\/075_lujua_llanes-300x200.jpg 300w\" sizes=\"auto, (max-width: 450px) 100vw, 450px\" \/><\/p>\n<p>En un Rallye de Llanes muy complicado por lo deslizante de los tramos y a pesar de sufrir en los dos primeros tramos problemas con el grupo trasero de su Mitsubishi EVO X, que le hicieron perder bastante tiempo, el bilba\u00edno Xabier Lujua pudo remontar e imponerse en la Mitsubishi EVO Cup y en la Copa de Espa\u00f1a de Gr.N. y en la clasificaci\u00f3n general, Lujua terminaba en s\u00e9ptima posici\u00f3n.<\/p>\n<p>Mas retrasado termin\u00f3 Gorka Antxustegi con el Suzuki Swift S1600, al romper un palier y tener que hacer as\u00ed los dos \u00faltimos tramos, perdiendo m\u00e1s de siete minutos.<\/p>\n<p>Antxustegi hab\u00eda llegado a rodar en la s\u00e9ptima posici\u00f3n, pero al final lleg\u00f3 en la d\u00e9cima posici\u00f3n de la clasificaci\u00f3n general y puntuaba en segunda posici\u00f3n de los veh\u00edculos de dos ruedas motrices hasta 1600, categor\u00eda en la que su compe\u00f1ero de equipo Joan Vinyes lograba el t\u00edtulo a falta de dos pruebas.<\/p>\n<p>La victoria del Rallye de Llanes fue para el asturiano Alberto Hevia con un Skoda Fabia S2000.<\/p>\n<p>CLASIFICACI\u00d3N GENERAL:<br \/>\n1\u00ba Hevia-Iglesias (Skoda Fabia S2000) 1:46:36.7<br \/>\n2\u00ba Fuster-Avi\u00f1o (Porsche 911 GT3) a 1:12.4<br \/>\n3\u00ba Vallejo-Vallejo (Porsche 911 GT3) a 1:52.9<br \/>\n4\u00ba Vinyes-Mercader (Suzuki Swift S1600) a 4:24.8<br \/>\n5\u00ba Mu\u00f1iz-Blanco (Lotus Exige) a 5:05.8<br \/>\n6\u00ba P\u00e9rez-Velasco (Peugeot 207 S2000) a 5:15.0<br \/>\n<strong>7\u00ba Lujua-Estrada (Mitsubishi EVO X) a 8:15.1<\/strong><br \/>\n8\u00ba Marb\u00e1n-Ferrero (Mitsubishi EVO X) a 11:53.7<br \/>\n9\u00ba Arias-Arias (Renault Twingo R2) a 12:20.8<br \/>\n<strong>10\u00ba Antxustegi-Su\u00e1rez (Suzuki Swift S1600) a 13:21.5<\/strong><\/p>\n<p>CLASIFICACI\u00d3N MITSUBISHI EVO CUP y COPA DE ESPA\u00d1A DE GR.N:<br \/>\n<strong>1\u00ba Lujua-Estrada (Mitsubishi EVO X) 1:54:51.8<\/strong><br \/>\n2\u00ba Marb\u00e1n-Ferrero (Mitsubishi EVO X) a 3:38.6<br \/>\n3\u00ba Pel\u00e1ez-Rodr\u00edguez (Mitsubishi EVO X) a 6:09.0<\/p>\n<p>CLASIFICACI\u00d3N S1600:<br \/>\n1\u00ba Vinyes-Mercader (Suzuki Swift S1600) 1:51:01.5<br \/>\n<strong>2\u00ba Antxustegi-Su\u00e1rez (Suzuki Swift S1600) a 8:56.7<\/strong><\/p>\n","protected":false},"excerpt":{"rendered":"<p>VER FOTOS DEL RALLYE DE LLANES En un Rallye de Llanes muy complicado por lo deslizante de los tramos y a pesar de sufrir en los dos primeros tramos problemas con el grupo trasero de su Mitsubishi EVO X, que le hicieron perder bastante tiempo, el bilba\u00edno Xabier Lujua pudo remontar e imponerse en la [&hellip;]<\/p>\n","protected":false},"author":1,"featured_media":0,"comment_status":"closed","ping_status":"closed","sticky":false,"template":"","format":"standard","meta":{"footnotes":""},"categories":[51,15,54,5,4],"tags":[],"class_list":["post-1179","post","type-post","status-publish","format-standard","hentry","category-antxustegi","category-asturias","category-lujua","category-nacional","category-rallyes"],"_links":{"self":[{"href":"https:\/\/www.mfoto.es\/noticias\/index.php?rest_route=\/wp\/v2\/posts\/1179","targetHints":{"allow":["GET"]}}],"collection":[{"href":"https:\/\/www.mfoto.es\/noticias\/index.php?rest_route=\/wp\/v2\/posts"}],"about":[{"href":"https:\/\/www.mfoto.es\/noticias\/index.php?rest_route=\/wp\/v2\/types\/post"}],"author":[{"embeddable":true,"href":"https:\/\/www.mfoto.es\/noticias\/index.php?rest_route=\/wp\/v2\/users\/1"}],"replies":[{"embeddable":true,"href":"https:\/\/www.mfoto.es\/noticias\/index.php?rest_route=%2Fwp%2Fv2%2Fcomments&post=1179"}],"version-history":[{"count":0,"href":"https:\/\/www.mfoto.es\/noticias\/index.php?rest_route=\/wp\/v2\/posts\/1179\/revisions"}],"wp:attachment":[{"href":"https:\/\/www.mfoto.es\/noticias\/index.php?rest_route=%2Fwp%2Fv2%2Fmedia&parent=1179"}],"wp:term":[{"taxonomy":"category","embeddable":true,"href":"https:\/\/www.mfoto.es\/noticias\/index.php?rest_route=%2Fwp%2Fv2%2Fcategories&post=1179"},{"taxonomy":"post_tag","embeddable":true,"href":"https:\/\/www.mfoto.es\/noticias\/index.php?rest_route=%2Fwp%2Fv2%2Ftags&post=1179"}],"curies":[{"name":"wp","href":"https:\/\/api.w.org\/{rel}","templated":true}]}}