{"id":1174,"date":"2011-10-09T18:08:24","date_gmt":"2011-10-09T17:08:24","guid":{"rendered":"http:\/\/www.mfoto.es\/2011\/?p=1174"},"modified":"2011-10-09T18:08:24","modified_gmt":"2011-10-09T17:08:24","slug":"alberto-hevia-se-impone-en-el-rallye-de-llanes","status":"publish","type":"post","link":"https:\/\/www.mfoto.es\/noticias\/?p=1174","title":{"rendered":"Alberto Hevia se impone en el Rallye de Llanes"},"content":{"rendered":"<p><img loading=\"lazy\" decoding=\"async\" class=\"alignleft\" src=\"https:\/\/www.mfoto.es\/logos\/foto.gif\" alt=\"\" width=\"50\" height=\"36\" \/><\/p>\n<p><a href=\"https:\/\/www.mfoto.es\/fotos\/2011\/049_llanes\/index.html\">VER FOTOS DEL RALLYE DE LLANES<\/a><\/p>\n<p><img loading=\"lazy\" decoding=\"async\" class=\"alignnone size-full wp-image-1175\" title=\"074_hevia_llanes\" src=\"https:\/\/www.mfoto.es\/noticias\/wp-content\/uploads_2012\/074_hevia_llanes.jpg\" alt=\"\" width=\"450\" height=\"300\" srcset=\"https:\/\/www.mfoto.es\/noticias\/wp-content\/uploads_2012\/074_hevia_llanes.jpg 450w, https:\/\/www.mfoto.es\/noticias\/wp-content\/uploads_2012\/074_hevia_llanes-300x200.jpg 300w\" sizes=\"auto, (max-width: 450px) 100vw, 450px\" \/><\/p>\n<p>El asturiano Alberto Hevia con el Skoda Fabia S2000 domin\u00f3 el Rallye de Llanes que se disput\u00f3 con el asfalto muy h\u00famedo y deslizante. A continuaci\u00f3n se clasificaba Miguel Fuster con el Porsche 911 GT3 a m\u00e1s de un minuto, tras la penalizaci\u00f3n impuesta a Xevi Pons por los comisarios deportivos por irregularidades t\u00e9cnicas en su Mitsubishi EVO X, que le hicieron descender desde la segunda plaza hasta la d\u00e9cimo quinta. La tercera posici\u00f3n era para Vallejo con otro Porsche 911 a 1:52.9.<\/p>\n<p>Joan Vinyes con el Suzuki Swift S1600 terminaba en la cuarta posici\u00f3n y obten\u00eda matem\u00e1ticamente el t\u00edtulo de la Copa de Espa\u00f1a de dos ruedas motrices hasta 1600 cc.<\/p>\n<p>Xabier Lujua venc\u00eda en la Mitsubishi EVO Cup y en la Copa de Espa\u00f1a de Gr.N y Miguel Arias lo hac\u00eda en el Trofeo R2 con el Renault Twingo.<\/p>\n<p>CLASIFICACI\u00d3N FINAL:<br \/>\n1\u00ba Hevia-Iglesias (Skoda Fabia S2000) 1:46:36.7<br \/>\n2\u00ba Fuster-Avi\u00f1o (Porsche 911 GT3) a 1:12.4<br \/>\n3\u00ba Vallejo-Vallejo (Porsche 911 GT3) a 1:52.9<br \/>\n4\u00ba Vinyes-Mercader (Suzuki Swift S1600) a 4:24.8<br \/>\n5\u00ba Mu\u00f1iz-Blanco (Lotus Exige) a 5:05.8<\/p>\n","protected":false},"excerpt":{"rendered":"<p>VER FOTOS DEL RALLYE DE LLANES El asturiano Alberto Hevia con el Skoda Fabia S2000 domin\u00f3 el Rallye de Llanes que se disput\u00f3 con el asfalto muy h\u00famedo y deslizante. A continuaci\u00f3n se clasificaba Miguel Fuster con el Porsche 911 GT3 a m\u00e1s de un minuto, tras la penalizaci\u00f3n impuesta a Xevi Pons por los [&hellip;]<\/p>\n","protected":false},"author":1,"featured_media":0,"comment_status":"closed","ping_status":"closed","sticky":false,"template":"","format":"standard","meta":{"footnotes":""},"categories":[51,15,54,5,4],"tags":[],"class_list":["post-1174","post","type-post","status-publish","format-standard","hentry","category-antxustegi","category-asturias","category-lujua","category-nacional","category-rallyes"],"_links":{"self":[{"href":"https:\/\/www.mfoto.es\/noticias\/index.php?rest_route=\/wp\/v2\/posts\/1174","targetHints":{"allow":["GET"]}}],"collection":[{"href":"https:\/\/www.mfoto.es\/noticias\/index.php?rest_route=\/wp\/v2\/posts"}],"about":[{"href":"https:\/\/www.mfoto.es\/noticias\/index.php?rest_route=\/wp\/v2\/types\/post"}],"author":[{"embeddable":true,"href":"https:\/\/www.mfoto.es\/noticias\/index.php?rest_route=\/wp\/v2\/users\/1"}],"replies":[{"embeddable":true,"href":"https:\/\/www.mfoto.es\/noticias\/index.php?rest_route=%2Fwp%2Fv2%2Fcomments&post=1174"}],"version-history":[{"count":0,"href":"https:\/\/www.mfoto.es\/noticias\/index.php?rest_route=\/wp\/v2\/posts\/1174\/revisions"}],"wp:attachment":[{"href":"https:\/\/www.mfoto.es\/noticias\/index.php?rest_route=%2Fwp%2Fv2%2Fmedia&parent=1174"}],"wp:term":[{"taxonomy":"category","embeddable":true,"href":"https:\/\/www.mfoto.es\/noticias\/index.php?rest_route=%2Fwp%2Fv2%2Fcategories&post=1174"},{"taxonomy":"post_tag","embeddable":true,"href":"https:\/\/www.mfoto.es\/noticias\/index.php?rest_route=%2Fwp%2Fv2%2Ftags&post=1174"}],"curies":[{"name":"wp","href":"https:\/\/api.w.org\/{rel}","templated":true}]}}