{"id":1167,"date":"2011-10-06T19:42:46","date_gmt":"2011-10-06T18:42:46","guid":{"rendered":"http:\/\/www.mfoto.es\/2011\/?p=1167"},"modified":"2011-10-06T19:42:46","modified_gmt":"2011-10-06T18:42:46","slug":"los-bizkainos-lujua-y-antxustegi-en-el-rallye-de-llanes","status":"publish","type":"post","link":"https:\/\/www.mfoto.es\/noticias\/?p=1167","title":{"rendered":"Los bizkainos Lujua y Antxustegi en el Rallye de Llanes"},"content":{"rendered":"<p><img loading=\"lazy\" decoding=\"async\" class=\"alignnone size-full wp-image-1168\" title=\"073_antxustegi_llanes\" src=\"https:\/\/www.mfoto.es\/noticias\/wp-content\/uploads_2012\/073_antxustegi_llanes.jpg\" alt=\"\" width=\"450\" height=\"300\" srcset=\"https:\/\/www.mfoto.es\/noticias\/wp-content\/uploads_2012\/073_antxustegi_llanes.jpg 450w, https:\/\/www.mfoto.es\/noticias\/wp-content\/uploads_2012\/073_antxustegi_llanes-300x200.jpg 300w\" sizes=\"auto, (max-width: 450px) 100vw, 450px\" \/><\/p>\n<p>Dos equipos bizkainos participar\u00e1n en el Rallye de Llanes, que se disputar\u00e1 el pr\u00f3ximo fin de semana en Asturias, con puntuabilidad para el Campeonato de Espa\u00f1a de Rallyes.<\/p>\n<p>El bilba\u00edno Xabier Lujua, copilotado por el c\u00e1ntabro Jes\u00fas Estrada correr\u00e1 con su \u00a0Mitsubishi EVO X Gr.N+, con el que vuelven al Campeonato de Espa\u00f1a de Asfalto tras un largo par\u00e9ntesis por motivos laborales, participando en la Mitsubishi EVO CUP.<\/p>\n<p>El piloto de Markina, Gorka Antxustegi copilotado por el asturiano Gabriel Su\u00e1rez sale con uno de los dos Suzuki Swift S1600 del equipo Suzuki Ib\u00e9rica con el que ocupan la sexta plaza en la clasificaci\u00f3n absoluta del Campeonato de Espa\u00f1a de Rallyes y la segunda plaza en la Copa de Espa\u00f1a de 2 ruedas motrices hasta 1600.<\/p>\n<p>El Rallye de Llanes tiene un recorrido total de 456 kil\u00f3metros y consta de 8 tramos crometrados que suman un total de 157,8 kil\u00f3metros de velocidad. La salida ser\u00e1 a las 8:00 horas del S\u00e1bado d\u00eda 8 y la llegada a las 21:00 horas en Llanes.<\/p>\n<p>M\u00e1s informaci\u00f3n:<\/p>\n<p><a href=\"http:\/\/www.rallyellanes.com\/\" target=\"_blank\">http:\/\/www.rallyellanes.com<\/a><\/p>\n","protected":false},"excerpt":{"rendered":"<p>Dos equipos bizkainos participar\u00e1n en el Rallye de Llanes, que se disputar\u00e1 el pr\u00f3ximo fin de semana en Asturias, con puntuabilidad para el Campeonato de Espa\u00f1a de Rallyes. El bilba\u00edno Xabier Lujua, copilotado por el c\u00e1ntabro Jes\u00fas Estrada correr\u00e1 con su \u00a0Mitsubishi EVO X Gr.N+, con el que vuelven al Campeonato de Espa\u00f1a de Asfalto [&hellip;]<\/p>\n","protected":false},"author":1,"featured_media":0,"comment_status":"closed","ping_status":"closed","sticky":false,"template":"","format":"standard","meta":{"footnotes":""},"categories":[51,15,54,5,4],"tags":[],"class_list":["post-1167","post","type-post","status-publish","format-standard","hentry","category-antxustegi","category-asturias","category-lujua","category-nacional","category-rallyes"],"_links":{"self":[{"href":"https:\/\/www.mfoto.es\/noticias\/index.php?rest_route=\/wp\/v2\/posts\/1167","targetHints":{"allow":["GET"]}}],"collection":[{"href":"https:\/\/www.mfoto.es\/noticias\/index.php?rest_route=\/wp\/v2\/posts"}],"about":[{"href":"https:\/\/www.mfoto.es\/noticias\/index.php?rest_route=\/wp\/v2\/types\/post"}],"author":[{"embeddable":true,"href":"https:\/\/www.mfoto.es\/noticias\/index.php?rest_route=\/wp\/v2\/users\/1"}],"replies":[{"embeddable":true,"href":"https:\/\/www.mfoto.es\/noticias\/index.php?rest_route=%2Fwp%2Fv2%2Fcomments&post=1167"}],"version-history":[{"count":0,"href":"https:\/\/www.mfoto.es\/noticias\/index.php?rest_route=\/wp\/v2\/posts\/1167\/revisions"}],"wp:attachment":[{"href":"https:\/\/www.mfoto.es\/noticias\/index.php?rest_route=%2Fwp%2Fv2%2Fmedia&parent=1167"}],"wp:term":[{"taxonomy":"category","embeddable":true,"href":"https:\/\/www.mfoto.es\/noticias\/index.php?rest_route=%2Fwp%2Fv2%2Fcategories&post=1167"},{"taxonomy":"post_tag","embeddable":true,"href":"https:\/\/www.mfoto.es\/noticias\/index.php?rest_route=%2Fwp%2Fv2%2Ftags&post=1167"}],"curies":[{"name":"wp","href":"https:\/\/api.w.org\/{rel}","templated":true}]}}