{"id":1161,"date":"2011-10-03T19:03:37","date_gmt":"2011-10-03T18:03:37","guid":{"rendered":"http:\/\/www.mfoto.es\/2011\/?p=1161"},"modified":"2011-10-03T19:03:37","modified_gmt":"2011-10-03T18:03:37","slug":"victoria-de-iker-gayoso-en-el-rallysprint-de-otanes","status":"publish","type":"post","link":"https:\/\/www.mfoto.es\/noticias\/?p=1161","title":{"rendered":"Victoria de Iker Gayoso en el Rallysprint de Ota\u00f1es"},"content":{"rendered":"<p><img loading=\"lazy\" decoding=\"async\" class=\"alignleft\" src=\"https:\/\/www.mfoto.es\/logos\/foto.gif\" alt=\"\" width=\"50\" height=\"36\" \/><\/p>\n<p><a href=\"https:\/\/www.mfoto.es\/fotos\/2011\/048_otanes\/index.html\">VER FOTOS DEL RALLYSPRINT DE OTA\u00d1ES<\/a><\/p>\n<p><img loading=\"lazy\" decoding=\"async\" class=\"alignnone size-full wp-image-1162\" title=\"072_gayoso_otanes\" src=\"https:\/\/www.mfoto.es\/noticias\/wp-content\/uploads_2012\/072_gayoso_otanes.jpg\" alt=\"\" width=\"450\" height=\"300\" srcset=\"https:\/\/www.mfoto.es\/noticias\/wp-content\/uploads_2012\/072_gayoso_otanes.jpg 450w, https:\/\/www.mfoto.es\/noticias\/wp-content\/uploads_2012\/072_gayoso_otanes-300x200.jpg 300w\" sizes=\"auto, (max-width: 450px) 100vw, 450px\" \/><\/p>\n<p>Iker Gayoso y Eguzki\u00f1e Enr\u00edquez se impon\u00edan en el Rallysprint de Ota\u00f1es con el Mitsubishi EVO IX aventajando en 5.7 segundos a Jonathan Cabo con el Renault Clio Sport. El tercer clasificado fue Dani Pe\u00f1a con el Citroen C2 R2 Max a algo m\u00e1s de 20 segundos.<\/p>\n<p>CLASIFICACI\u00d3N FINAL:<br \/>\n1\u00ba Gayoso-Enr\u00edquez (Mitsubishi EVO IX) 16:42.540<br \/>\n2\u00ba Cabo-Alonso (Renault Clio Sport) 16:48.240<br \/>\n3\u00ba Pe\u00f1a-Fern\u00e1ndez (Citro\u00ebn C2 R2 Max) 17:03.250<br \/>\n4\u00ba Blanco-Mart\u00ednez (Mitsubishi EVO V) 17:05.610<br \/>\n5\u00ba Antxustegi-Urresti (Peugeot 205) 17:20.510<\/p>\n","protected":false},"excerpt":{"rendered":"<p>VER FOTOS DEL RALLYSPRINT DE OTA\u00d1ES Iker Gayoso y Eguzki\u00f1e Enr\u00edquez se impon\u00edan en el Rallysprint de Ota\u00f1es con el Mitsubishi EVO IX aventajando en 5.7 segundos a Jonathan Cabo con el Renault Clio Sport. El tercer clasificado fue Dani Pe\u00f1a con el Citroen C2 R2 Max a algo m\u00e1s de 20 segundos. CLASIFICACI\u00d3N FINAL: [&hellip;]<\/p>\n","protected":false},"author":1,"featured_media":0,"comment_status":"closed","ping_status":"closed","sticky":false,"template":"","format":"standard","meta":{"footnotes":""},"categories":[51,171,10,55,4],"tags":[],"class_list":["post-1161","post","type-post","status-publish","format-standard","hentry","category-antxustegi","category-artaloitia","category-cantabria","category-gayoso","category-rallyes"],"_links":{"self":[{"href":"https:\/\/www.mfoto.es\/noticias\/index.php?rest_route=\/wp\/v2\/posts\/1161","targetHints":{"allow":["GET"]}}],"collection":[{"href":"https:\/\/www.mfoto.es\/noticias\/index.php?rest_route=\/wp\/v2\/posts"}],"about":[{"href":"https:\/\/www.mfoto.es\/noticias\/index.php?rest_route=\/wp\/v2\/types\/post"}],"author":[{"embeddable":true,"href":"https:\/\/www.mfoto.es\/noticias\/index.php?rest_route=\/wp\/v2\/users\/1"}],"replies":[{"embeddable":true,"href":"https:\/\/www.mfoto.es\/noticias\/index.php?rest_route=%2Fwp%2Fv2%2Fcomments&post=1161"}],"version-history":[{"count":0,"href":"https:\/\/www.mfoto.es\/noticias\/index.php?rest_route=\/wp\/v2\/posts\/1161\/revisions"}],"wp:attachment":[{"href":"https:\/\/www.mfoto.es\/noticias\/index.php?rest_route=%2Fwp%2Fv2%2Fmedia&parent=1161"}],"wp:term":[{"taxonomy":"category","embeddable":true,"href":"https:\/\/www.mfoto.es\/noticias\/index.php?rest_route=%2Fwp%2Fv2%2Fcategories&post=1161"},{"taxonomy":"post_tag","embeddable":true,"href":"https:\/\/www.mfoto.es\/noticias\/index.php?rest_route=%2Fwp%2Fv2%2Ftags&post=1161"}],"curies":[{"name":"wp","href":"https:\/\/api.w.org\/{rel}","templated":true}]}}