{"id":1152,"date":"2011-09-30T17:11:15","date_gmt":"2011-09-30T16:11:15","guid":{"rendered":"http:\/\/www.mfoto.es\/2011\/?p=1152"},"modified":"2011-09-30T17:11:15","modified_gmt":"2011-09-30T16:11:15","slug":"xabier-lujua-vuelve-al-nacional-en-el-rallye-de-llanes","status":"publish","type":"post","link":"https:\/\/www.mfoto.es\/noticias\/?p=1152","title":{"rendered":"Xabier Lujua vuelve al nacional en el Rallye de Llanes"},"content":{"rendered":"<p><img loading=\"lazy\" decoding=\"async\" class=\"alignnone size-full wp-image-1153\" title=\"070_lujua_llanes\" src=\"https:\/\/www.mfoto.es\/noticias\/wp-content\/uploads_2012\/070_lujua_llanes.jpg\" alt=\"\" width=\"450\" height=\"300\" srcset=\"https:\/\/www.mfoto.es\/noticias\/wp-content\/uploads_2012\/070_lujua_llanes.jpg 450w, https:\/\/www.mfoto.es\/noticias\/wp-content\/uploads_2012\/070_lujua_llanes-300x200.jpg 300w\" sizes=\"auto, (max-width: 450px) 100vw, 450px\" \/><\/p>\n<p>El piloto bilba\u00edno Xabier Lujua, disputar\u00e1 los d\u00edas 7 y 8 de Octubre el Rallye de Llanes con su habitual Mitsubishi EVO X y ser\u00e1 copilotado por el c\u00e1ntabro Jes\u00fas Estrada.<\/p>\n<p>Lujua, actual Campe\u00f3n Vasco de Rallyes, vuelve a disputar una prueba del Campeonato de Espa\u00f1a de Rallyes de Asfalto, tras un par\u00e9ntesis desde finales del pasado a\u00f1o obligado por motivos laborales.<\/p>\n<p>El Rallye de Llanes comenzar\u00e1 el viernes 7 de Octubre, con la celebraci\u00f3n del shakedown \u00f3 tramo de pruebas a partir de las 9:00 horas y la ceremonia de salida a las 20:30 horas.<\/p>\n<p>La competici\u00f3n empezar\u00e1 el s\u00e1bado 8 a las 8:00 horas y la llegada ser\u00e1 a las 21:00 en Llanes junto a la playa de El Sabl\u00f3n.<\/p>\n<p>Se disputar\u00e1n 8 tramos que sumar\u00e1n 157 km. contra el crono para un recorrido total de 456 km. en una prueba en la que se han inscrito 64 equipos.<\/p>\n","protected":false},"excerpt":{"rendered":"<p>El piloto bilba\u00edno Xabier Lujua, disputar\u00e1 los d\u00edas 7 y 8 de Octubre el Rallye de Llanes con su habitual Mitsubishi EVO X y ser\u00e1 copilotado por el c\u00e1ntabro Jes\u00fas Estrada. Lujua, actual Campe\u00f3n Vasco de Rallyes, vuelve a disputar una prueba del Campeonato de Espa\u00f1a de Rallyes de Asfalto, tras un par\u00e9ntesis desde finales [&hellip;]<\/p>\n","protected":false},"author":1,"featured_media":0,"comment_status":"closed","ping_status":"closed","sticky":false,"template":"","format":"standard","meta":{"footnotes":""},"categories":[15,54,5,4],"tags":[],"class_list":["post-1152","post","type-post","status-publish","format-standard","hentry","category-asturias","category-lujua","category-nacional","category-rallyes"],"_links":{"self":[{"href":"https:\/\/www.mfoto.es\/noticias\/index.php?rest_route=\/wp\/v2\/posts\/1152","targetHints":{"allow":["GET"]}}],"collection":[{"href":"https:\/\/www.mfoto.es\/noticias\/index.php?rest_route=\/wp\/v2\/posts"}],"about":[{"href":"https:\/\/www.mfoto.es\/noticias\/index.php?rest_route=\/wp\/v2\/types\/post"}],"author":[{"embeddable":true,"href":"https:\/\/www.mfoto.es\/noticias\/index.php?rest_route=\/wp\/v2\/users\/1"}],"replies":[{"embeddable":true,"href":"https:\/\/www.mfoto.es\/noticias\/index.php?rest_route=%2Fwp%2Fv2%2Fcomments&post=1152"}],"version-history":[{"count":0,"href":"https:\/\/www.mfoto.es\/noticias\/index.php?rest_route=\/wp\/v2\/posts\/1152\/revisions"}],"wp:attachment":[{"href":"https:\/\/www.mfoto.es\/noticias\/index.php?rest_route=%2Fwp%2Fv2%2Fmedia&parent=1152"}],"wp:term":[{"taxonomy":"category","embeddable":true,"href":"https:\/\/www.mfoto.es\/noticias\/index.php?rest_route=%2Fwp%2Fv2%2Fcategories&post=1152"},{"taxonomy":"post_tag","embeddable":true,"href":"https:\/\/www.mfoto.es\/noticias\/index.php?rest_route=%2Fwp%2Fv2%2Ftags&post=1152"}],"curies":[{"name":"wp","href":"https:\/\/api.w.org\/{rel}","templated":true}]}}