{"id":1135,"date":"2011-09-12T12:03:07","date_gmt":"2011-09-12T11:03:07","guid":{"rendered":"http:\/\/www.mfoto.es\/2011\/?p=1135"},"modified":"2011-09-12T12:03:07","modified_gmt":"2011-09-12T11:03:07","slug":"diversa-suerte-para-los-pilotos-bizkainos-en-el-rallye-principe-de-asturias","status":"publish","type":"post","link":"https:\/\/www.mfoto.es\/noticias\/?p=1135","title":{"rendered":"Diversa suerte para los pilotos bizkainos en el Rallye Pr\u00edncipe de Asturias"},"content":{"rendered":"<p><img loading=\"lazy\" decoding=\"async\" class=\"alignleft\" src=\"https:\/\/www.mfoto.es\/logos\/foto.gif\" alt=\"\" width=\"50\" height=\"36\" \/><\/p>\n<p><a href=\"https:\/\/www.mfoto.es\/fotos\/2011\/044_principe\/index.html\">VER FOTOS DEL RALLYE PR\u00cdNCIPE DE ASTURIAS<\/a><\/p>\n<p><img loading=\"lazy\" decoding=\"async\" class=\"alignnone size-full wp-image-1136\" title=\"067_txutxi_principe\" src=\"https:\/\/www.mfoto.es\/noticias\/wp-content\/uploads_2012\/067_txutxi_principe.jpg\" alt=\"\" width=\"450\" height=\"300\" srcset=\"https:\/\/www.mfoto.es\/noticias\/wp-content\/uploads_2012\/067_txutxi_principe.jpg 450w, https:\/\/www.mfoto.es\/noticias\/wp-content\/uploads_2012\/067_txutxi_principe-300x200.jpg 300w\" sizes=\"auto, (max-width: 450px) 100vw, 450px\" \/><\/p>\n<p>Por un lado, la pareja formada por los hermanos de Sodupe, Txutxi y Alejandro P\u00e9rez, terminaban el Rallye Pr\u00edncipe de Asturias, con el Suzuki Swift Sport, en la d\u00e9cimo octava posici\u00f3n scratch y en la novena posici\u00f3n de la Copa Suzuki, en la que abandonaron cinco equipos, en una prueba donde algunos problemas mec\u00e1nicos con la caja de cambios les retrasaron un poco.<\/p>\n<p>Por otro lado, Gorka Antxustegi, que pilotaba un Suzuki Swift S1600 del equipo Suzuki Ib\u00e9rica, rodaba cerca de su compa\u00f1ero de equipo, el andorrano Joan Vinyes, cuando perdi\u00f3 una rueda al romperse los esp\u00e1rragos y tuvo una peque\u00f1a salida de carretera sin demasiados da\u00f1os. El equipo repar\u00f3 el coche y en la segunda jornada sali\u00f3 en la modalidad de Super Rallye, sin puntuar para probar nuevas evoluciones en el coche. Al final termin\u00f3 abandonando definitivamente por otro problema mec\u00e1nico.<\/p>\n<p>La prueba fue ganada por Miguel Fuster con el Porsche 911 GT3, en la clasificaci\u00f3n para el Campeonato de Espa\u00f1a y por Alberto Hevia con el Skoda Fabia S2000, en la clasificaci\u00f3n del Campeonato de Europa.<\/p>\n<p>CLASIFICACI\u00d3N CTO. ESPA\u00d1A:<br \/>\n1\u00ba Fuster-Avi\u00f1\u00f3 (Porsche 911 GT3) 2:27:49.5<br \/>\n2\u00ba Hevia-Iglesias (Skoda Fabia S2000) a 26.7<br \/>\n3\u00ba Pons-Haro (Ford Fiesta S2000) a 2:17.3<br \/>\n&#8212;&#8212;&#8212;&#8212;&#8212;&#8212;&#8212;&#8212;&#8212;&#8212;&#8212;&#8212;&#8212;<br \/>\n<strong>18\u00ba P\u00e9rez-P\u00e9rez (Suzuki\u00a0\u00a0 Swift Sport) a 32:35.8<\/strong><\/p>\n","protected":false},"excerpt":{"rendered":"<p>VER FOTOS DEL RALLYE PR\u00cdNCIPE DE ASTURIAS Por un lado, la pareja formada por los hermanos de Sodupe, Txutxi y Alejandro P\u00e9rez, terminaban el Rallye Pr\u00edncipe de Asturias, con el Suzuki Swift Sport, en la d\u00e9cimo octava posici\u00f3n scratch y en la novena posici\u00f3n de la Copa Suzuki, en la que abandonaron cinco equipos, en [&hellip;]<\/p>\n","protected":false},"author":1,"featured_media":0,"comment_status":"closed","ping_status":"closed","sticky":false,"template":"","format":"standard","meta":{"footnotes":""},"categories":[51,15,5,4,81],"tags":[],"class_list":["post-1135","post","type-post","status-publish","format-standard","hentry","category-antxustegi","category-asturias","category-nacional","category-rallyes","category-txutxi"],"_links":{"self":[{"href":"https:\/\/www.mfoto.es\/noticias\/index.php?rest_route=\/wp\/v2\/posts\/1135","targetHints":{"allow":["GET"]}}],"collection":[{"href":"https:\/\/www.mfoto.es\/noticias\/index.php?rest_route=\/wp\/v2\/posts"}],"about":[{"href":"https:\/\/www.mfoto.es\/noticias\/index.php?rest_route=\/wp\/v2\/types\/post"}],"author":[{"embeddable":true,"href":"https:\/\/www.mfoto.es\/noticias\/index.php?rest_route=\/wp\/v2\/users\/1"}],"replies":[{"embeddable":true,"href":"https:\/\/www.mfoto.es\/noticias\/index.php?rest_route=%2Fwp%2Fv2%2Fcomments&post=1135"}],"version-history":[{"count":0,"href":"https:\/\/www.mfoto.es\/noticias\/index.php?rest_route=\/wp\/v2\/posts\/1135\/revisions"}],"wp:attachment":[{"href":"https:\/\/www.mfoto.es\/noticias\/index.php?rest_route=%2Fwp%2Fv2%2Fmedia&parent=1135"}],"wp:term":[{"taxonomy":"category","embeddable":true,"href":"https:\/\/www.mfoto.es\/noticias\/index.php?rest_route=%2Fwp%2Fv2%2Fcategories&post=1135"},{"taxonomy":"post_tag","embeddable":true,"href":"https:\/\/www.mfoto.es\/noticias\/index.php?rest_route=%2Fwp%2Fv2%2Ftags&post=1135"}],"curies":[{"name":"wp","href":"https:\/\/api.w.org\/{rel}","templated":true}]}}