{"id":1129,"date":"2011-09-11T15:27:41","date_gmt":"2011-09-11T14:27:41","guid":{"rendered":"http:\/\/www.mfoto.es\/2011\/?p=1129"},"modified":"2011-09-11T15:27:41","modified_gmt":"2011-09-11T14:27:41","slug":"dominio-de-fuster-en-el-rallye-principe-de-asturias","status":"publish","type":"post","link":"https:\/\/www.mfoto.es\/noticias\/?p=1129","title":{"rendered":"Dominio de Fuster en el Rallye Pr\u00edncipe de Asturias"},"content":{"rendered":"<p><img loading=\"lazy\" decoding=\"async\" class=\"alignleft\" src=\"https:\/\/www.mfoto.es\/logos\/foto.gif\" alt=\"\" width=\"50\" height=\"36\" \/><\/p>\n<p><a href=\"https:\/\/www.mfoto.es\/fotos\/2011\/044_principe\/index.html\">VER FOTOS DEL RALLYE PR\u00cdNCIPE DE ASTURIAS<\/a><\/p>\n<p><img loading=\"lazy\" decoding=\"async\" class=\"alignnone size-full wp-image-1130\" title=\"066_fuster_principe\" src=\"https:\/\/www.mfoto.es\/noticias\/wp-content\/uploads_2012\/066_fuster_principe.jpg\" alt=\"\" width=\"450\" height=\"300\" srcset=\"https:\/\/www.mfoto.es\/noticias\/wp-content\/uploads_2012\/066_fuster_principe.jpg 450w, https:\/\/www.mfoto.es\/noticias\/wp-content\/uploads_2012\/066_fuster_principe-300x200.jpg 300w\" sizes=\"auto, (max-width: 450px) 100vw, 450px\" \/><\/p>\n<p>Miguel Fuster con el Posrche 911 GT3 domin\u00f3 con autoridad el Rallye Pr\u00edncipe de Asturias y s\u00f3lo levant\u00f3 cuando la diferencia sobre Alberto Hevia era casi de un minuto, a falta de 5 tramos. Alberto Hevia terminaba con el Skoda Fabia S2000 en segunda posici\u00f3n, a 26,7 segundos, y era el l\u00edder de la clasificaci\u00f3n europea para la que el Porsche no puntuaba.<\/p>\n<p>La tercera plaza, a 2:17.3, era para Xevi Pons con el Ford Fiesta S2000, tras superar a Jonathan P\u00e9rez que tuvo problemas mec\u00e1nicos en los \u00faltimos tramos.<\/p>\n<p>En la Mitsubishi EVO Cup, la victoria era para Daniel Marb\u00e1n que fue el \u00fanico de los cinco Mitsubishi EVO que consigui\u00f3 terminar.<\/p>\n<p>Miguel Arias no daba opci\u00f3n en la Challenge Renault Twingo R2, Marcos Barqu\u00edn Diego era segundo a m\u00e1s de 7 minutos y los tres equipos restantes no terminaron.<\/p>\n<p>En la Copa Suzuki repet\u00eda victoria el gallego Pablo Rey, seguido de Surhayen Pern\u00eda a 32.5 seg. y de Alberto Monarri a 55.4 seg.<\/p>\n<p>CLASIFICACI\u00d3N CTO. ESPA\u00d1A:<br \/>\n1\u00ba Fuster-Avi\u00f1\u00f3 (Porsche 911 GT3) 2:27:49.5<br \/>\n2\u00ba Hevia-Iglesias (Skoda Fabia S2000) a 26.7<br \/>\n3\u00ba Pons-Haro (Ford Fiesta S2000) a 2:17.3<\/p>\n<p>CLASIFICACI\u00d3N CTO. EUROPA:<br \/>\n1\u00ba Hevia-Iglesias (Skoda Fabia S2000) 2:28:16.2<br \/>\n2\u00ba Pons-Haro (Ford Fiesta S2000) a 1:50.6<br \/>\n3\u00ba P\u00e9rez-Velasco (Peugeot 207 S2000) a 2:03.7<\/p>\n","protected":false},"excerpt":{"rendered":"<p>VER FOTOS DEL RALLYE PR\u00cdNCIPE DE ASTURIAS Miguel Fuster con el Posrche 911 GT3 domin\u00f3 con autoridad el Rallye Pr\u00edncipe de Asturias y s\u00f3lo levant\u00f3 cuando la diferencia sobre Alberto Hevia era casi de un minuto, a falta de 5 tramos. Alberto Hevia terminaba con el Skoda Fabia S2000 en segunda posici\u00f3n, a 26,7 segundos, [&hellip;]<\/p>\n","protected":false},"author":1,"featured_media":0,"comment_status":"closed","ping_status":"closed","sticky":false,"template":"","format":"standard","meta":{"footnotes":""},"categories":[15,5,4],"tags":[],"class_list":["post-1129","post","type-post","status-publish","format-standard","hentry","category-asturias","category-nacional","category-rallyes"],"_links":{"self":[{"href":"https:\/\/www.mfoto.es\/noticias\/index.php?rest_route=\/wp\/v2\/posts\/1129","targetHints":{"allow":["GET"]}}],"collection":[{"href":"https:\/\/www.mfoto.es\/noticias\/index.php?rest_route=\/wp\/v2\/posts"}],"about":[{"href":"https:\/\/www.mfoto.es\/noticias\/index.php?rest_route=\/wp\/v2\/types\/post"}],"author":[{"embeddable":true,"href":"https:\/\/www.mfoto.es\/noticias\/index.php?rest_route=\/wp\/v2\/users\/1"}],"replies":[{"embeddable":true,"href":"https:\/\/www.mfoto.es\/noticias\/index.php?rest_route=%2Fwp%2Fv2%2Fcomments&post=1129"}],"version-history":[{"count":0,"href":"https:\/\/www.mfoto.es\/noticias\/index.php?rest_route=\/wp\/v2\/posts\/1129\/revisions"}],"wp:attachment":[{"href":"https:\/\/www.mfoto.es\/noticias\/index.php?rest_route=%2Fwp%2Fv2%2Fmedia&parent=1129"}],"wp:term":[{"taxonomy":"category","embeddable":true,"href":"https:\/\/www.mfoto.es\/noticias\/index.php?rest_route=%2Fwp%2Fv2%2Fcategories&post=1129"},{"taxonomy":"post_tag","embeddable":true,"href":"https:\/\/www.mfoto.es\/noticias\/index.php?rest_route=%2Fwp%2Fv2%2Ftags&post=1129"}],"curies":[{"name":"wp","href":"https:\/\/api.w.org\/{rel}","templated":true}]}}