{"id":1123,"date":"2011-09-08T23:30:48","date_gmt":"2011-09-08T22:30:48","guid":{"rendered":"http:\/\/www.mfoto.es\/2011\/?p=1123"},"modified":"2011-09-08T23:30:48","modified_gmt":"2011-09-08T22:30:48","slug":"antxustegi-y-txutxi-perez-en-el-rallye-principe-de-asturias","status":"publish","type":"post","link":"https:\/\/www.mfoto.es\/noticias\/?p=1123","title":{"rendered":"Antxustegi y Txutxi P\u00e9rez en el Rallye Pr\u00edncipe de Asturias"},"content":{"rendered":"<p><img loading=\"lazy\" decoding=\"async\" class=\"alignnone size-full wp-image-1124\" title=\"065_txutxi_principe\" src=\"https:\/\/www.mfoto.es\/noticias\/wp-content\/uploads_2012\/065_txutxi_principe.jpg\" alt=\"\" width=\"450\" height=\"300\" srcset=\"https:\/\/www.mfoto.es\/noticias\/wp-content\/uploads_2012\/065_txutxi_principe.jpg 450w, https:\/\/www.mfoto.es\/noticias\/wp-content\/uploads_2012\/065_txutxi_principe-300x200.jpg 300w\" sizes=\"auto, (max-width: 450px) 100vw, 450px\" \/><\/p>\n<p>Este pr\u00f3ximo fin de semana se celebra en Asturias el Rallye Pr\u00edncipe de Asturias que punt\u00faa para los Campeonatos de Europa y de Espa\u00f1a de Rallyes, con 83 equipos inscritos.<\/p>\n<p>Dos equipos vascos participar\u00e1n en el rallye, los d\u00edas 9 y 10 de Septiembre, en la que ser\u00e1 la s\u00e9ptima prueba del Campeonato de Espa\u00f1a de Rallyes de Asfalto 2011.<\/p>\n<p>Gorka Antxustegi, con el asturiano Gabriel Su\u00e1rez de copiloto, llevar\u00e1 un Suzuki Swift S1600 del equipo oficial Suzuki Ib\u00e9rica. Antxustegi es el quinto clasificado actualmente en el Campeonato de Espa\u00f1a de Rallyes.<\/p>\n<p>Txutxi y Alejandro P\u00e9rez, los hermanos de Sodupe, participan en la Copa Suzuki Swift en la que est\u00e1n clasificados en duod\u00e9cima posici\u00f3n.<\/p>\n<p>Rallye Pr\u00edncipe de Asturias consta de 13 tramos cronometrados repartidos en dos etapas que suman 231 kil\u00f3metros, para un recorrido total de 765 kil\u00f3metros.<\/p>\n<p>La prueba arrancar\u00e1 el viernes d\u00eda 9, a las 8:30 horas desde el parque de asistencia junto al Palacio de los Deportes de Gij\u00f3n y la llegada de la prueba ser\u00e1 en el Paseo del Bomb\u00e9 en Oviedo a las 19:00 horas del s\u00e1bado d\u00eda 10.<\/p>\n<p>Mas informaci\u00f3n:<\/p>\n<p><a href=\"http:\/\/www.rallyprincipe.com\/\" target=\"_blank\">http:\/\/www.rallyprincipe.com\/<\/a><\/p>\n","protected":false},"excerpt":{"rendered":"<p>Este pr\u00f3ximo fin de semana se celebra en Asturias el Rallye Pr\u00edncipe de Asturias que punt\u00faa para los Campeonatos de Europa y de Espa\u00f1a de Rallyes, con 83 equipos inscritos. Dos equipos vascos participar\u00e1n en el rallye, los d\u00edas 9 y 10 de Septiembre, en la que ser\u00e1 la s\u00e9ptima prueba del Campeonato de Espa\u00f1a [&hellip;]<\/p>\n","protected":false},"author":1,"featured_media":0,"comment_status":"closed","ping_status":"closed","sticky":false,"template":"","format":"standard","meta":{"footnotes":""},"categories":[51,15,5,4,81],"tags":[],"class_list":["post-1123","post","type-post","status-publish","format-standard","hentry","category-antxustegi","category-asturias","category-nacional","category-rallyes","category-txutxi"],"_links":{"self":[{"href":"https:\/\/www.mfoto.es\/noticias\/index.php?rest_route=\/wp\/v2\/posts\/1123","targetHints":{"allow":["GET"]}}],"collection":[{"href":"https:\/\/www.mfoto.es\/noticias\/index.php?rest_route=\/wp\/v2\/posts"}],"about":[{"href":"https:\/\/www.mfoto.es\/noticias\/index.php?rest_route=\/wp\/v2\/types\/post"}],"author":[{"embeddable":true,"href":"https:\/\/www.mfoto.es\/noticias\/index.php?rest_route=\/wp\/v2\/users\/1"}],"replies":[{"embeddable":true,"href":"https:\/\/www.mfoto.es\/noticias\/index.php?rest_route=%2Fwp%2Fv2%2Fcomments&post=1123"}],"version-history":[{"count":0,"href":"https:\/\/www.mfoto.es\/noticias\/index.php?rest_route=\/wp\/v2\/posts\/1123\/revisions"}],"wp:attachment":[{"href":"https:\/\/www.mfoto.es\/noticias\/index.php?rest_route=%2Fwp%2Fv2%2Fmedia&parent=1123"}],"wp:term":[{"taxonomy":"category","embeddable":true,"href":"https:\/\/www.mfoto.es\/noticias\/index.php?rest_route=%2Fwp%2Fv2%2Fcategories&post=1123"},{"taxonomy":"post_tag","embeddable":true,"href":"https:\/\/www.mfoto.es\/noticias\/index.php?rest_route=%2Fwp%2Fv2%2Ftags&post=1123"}],"curies":[{"name":"wp","href":"https:\/\/api.w.org\/{rel}","templated":true}]}}