{"id":1110,"date":"2011-09-05T14:18:36","date_gmt":"2011-09-05T13:18:36","guid":{"rendered":"http:\/\/www.mfoto.es\/2011\/?p=1110"},"modified":"2011-09-05T14:18:36","modified_gmt":"2011-09-05T13:18:36","slug":"lujua-gana-el-grupo-n-en-el-rallye-de-tierra-de-cervera","status":"publish","type":"post","link":"https:\/\/www.mfoto.es\/noticias\/?p=1110","title":{"rendered":"Lujua gana el Grupo N en el Rallye de Tierra de Cervera"},"content":{"rendered":"<address><img loading=\"lazy\" decoding=\"async\" class=\"alignnone size-full wp-image-1111\" title=\"063_lujua_cervera\" src=\"https:\/\/www.mfoto.es\/noticias\/wp-content\/uploads_2012\/063_lujua_cervera.jpg\" alt=\"\" width=\"450\" height=\"300\" srcset=\"https:\/\/www.mfoto.es\/noticias\/wp-content\/uploads_2012\/063_lujua_cervera.jpg 450w, https:\/\/www.mfoto.es\/noticias\/wp-content\/uploads_2012\/063_lujua_cervera-300x200.jpg 300w\" sizes=\"auto, (max-width: 450px) 100vw, 450px\" \/><\/address>\n<address><em>Foto: www.rincondelmotor.com<\/em><\/address>\n<p>El piloto bilba\u00edno Xabier Lujua se ha impuesto en la categor\u00eda grupo N\u00a0 ganando 7 de los 8 tramos cronometrados en el Rallye de Tierra Ciutat de Cervera. Lujua estuvo acompa\u00f1ado por el c\u00e1ntabro Jes\u00fas Estrada en las labores de copiloto y utiliz\u00f3 un Mitsubishi Evo X Gr.N del preparador RMC.<\/p>\n<p>Enric Folch terminaba en segunda posici\u00f3n a 2:44 con un Mitsubishi Evo V y la tercera plaza era para Pau De Las Heras a 3:46 con un Renault Clio Sport.<\/p>\n<p>En la clasificaci\u00f3n general, Lujua terminaba en duod\u00e9cima posici\u00f3n, en una prueba con victoria de Nani Roma, que conduc\u00eda un proto Mitsubishi Colt.<\/p>\n<p>CLASIFICACI\u00d3N Gr.N:<br \/>\n<strong>1\u00ba Lujua-Estrada (Mitsubishi Evo X) 1:17:37<\/strong><br \/>\n2\u00ba Folch-Argemi (Mitsubishi Evo V) a 2:44<br \/>\n3\u00ba De Las Heras-Fontacaba (Renault Clio Sport) a 3:46<\/p>\n<p>CLASIFICACI\u00d3N SCRATCH:<br \/>\n1\u00ba Roma-Barcel\u00f3 (Mitsubishi Colt) 1:10:46<br \/>\n2\u00ba Vinyes-Mercader (Subaru Impreza) a 22<br \/>\n3\u00ba Trivi\u00f1o-Salom (Peugeot 206 WRC) a 1:59<br \/>\n&#8212;&#8212;<br \/>\n<strong>12\u00ba Lujua-Estrada (Mitsubishi Evo X) a 6:51<\/strong><\/p>\n","protected":false},"excerpt":{"rendered":"<p>Foto: www.rincondelmotor.com El piloto bilba\u00edno Xabier Lujua se ha impuesto en la categor\u00eda grupo N\u00a0 ganando 7 de los 8 tramos cronometrados en el Rallye de Tierra Ciutat de Cervera. Lujua estuvo acompa\u00f1ado por el c\u00e1ntabro Jes\u00fas Estrada en las labores de copiloto y utiliz\u00f3 un Mitsubishi Evo X Gr.N del preparador RMC. Enric Folch [&hellip;]<\/p>\n","protected":false},"author":1,"featured_media":0,"comment_status":"closed","ping_status":"closed","sticky":false,"template":"","format":"standard","meta":{"footnotes":""},"categories":[159,85,54,5,4,19],"tags":[],"class_list":["post-1110","post","type-post","status-publish","format-standard","hentry","category-aldecoa","category-catalunya","category-lujua","category-nacional","category-rallyes","category-tierra"],"_links":{"self":[{"href":"https:\/\/www.mfoto.es\/noticias\/index.php?rest_route=\/wp\/v2\/posts\/1110","targetHints":{"allow":["GET"]}}],"collection":[{"href":"https:\/\/www.mfoto.es\/noticias\/index.php?rest_route=\/wp\/v2\/posts"}],"about":[{"href":"https:\/\/www.mfoto.es\/noticias\/index.php?rest_route=\/wp\/v2\/types\/post"}],"author":[{"embeddable":true,"href":"https:\/\/www.mfoto.es\/noticias\/index.php?rest_route=\/wp\/v2\/users\/1"}],"replies":[{"embeddable":true,"href":"https:\/\/www.mfoto.es\/noticias\/index.php?rest_route=%2Fwp%2Fv2%2Fcomments&post=1110"}],"version-history":[{"count":0,"href":"https:\/\/www.mfoto.es\/noticias\/index.php?rest_route=\/wp\/v2\/posts\/1110\/revisions"}],"wp:attachment":[{"href":"https:\/\/www.mfoto.es\/noticias\/index.php?rest_route=%2Fwp%2Fv2%2Fmedia&parent=1110"}],"wp:term":[{"taxonomy":"category","embeddable":true,"href":"https:\/\/www.mfoto.es\/noticias\/index.php?rest_route=%2Fwp%2Fv2%2Fcategories&post=1110"},{"taxonomy":"post_tag","embeddable":true,"href":"https:\/\/www.mfoto.es\/noticias\/index.php?rest_route=%2Fwp%2Fv2%2Ftags&post=1110"}],"curies":[{"name":"wp","href":"https:\/\/api.w.org\/{rel}","templated":true}]}}