{"id":1094,"date":"2011-08-20T22:35:01","date_gmt":"2011-08-20T21:35:01","guid":{"rendered":"http:\/\/www.mfoto.es\/2011\/?p=1094"},"modified":"2011-08-20T22:35:01","modified_gmt":"2011-08-20T21:35:01","slug":"victoria-de-gorka-antxustegi-en-dos-ruedas-motrices-en-el-rallye-de-ferrol","status":"publish","type":"post","link":"https:\/\/www.mfoto.es\/noticias\/?p=1094","title":{"rendered":"Victoria de Gorka Antxustegi en dos ruedas motrices en el Rallye de Ferrol"},"content":{"rendered":"<p><img loading=\"lazy\" decoding=\"async\" class=\"alignleft\" src=\"https:\/\/www.mfoto.es\/logos\/foto.gif\" alt=\"\" width=\"50\" height=\"36\" \/><\/p>\n<p><a href=\"https:\/\/www.mfoto.es\/fotos\/2011\/041_ferrol\/index.html\">VER FOTOS DEL RALLYE DE FERROL<\/a><\/p>\n<p><img loading=\"lazy\" decoding=\"async\" class=\"alignnone size-full wp-image-1095\" title=\"060_antxustegi_ferrol\" src=\"https:\/\/www.mfoto.es\/noticias\/wp-content\/uploads_2012\/060_antxustegi_ferrol.jpg\" alt=\"\" width=\"450\" height=\"300\" srcset=\"https:\/\/www.mfoto.es\/noticias\/wp-content\/uploads_2012\/060_antxustegi_ferrol.jpg 450w, https:\/\/www.mfoto.es\/noticias\/wp-content\/uploads_2012\/060_antxustegi_ferrol-300x200.jpg 300w\" sizes=\"auto, (max-width: 450px) 100vw, 450px\" \/><\/p>\n<p>El piloto bizkaino Gorka Antxustegi, copilotado por el asturiano Gabri Su\u00e1rez, con el Suzuki Swift S1600 del equipo oficial Suzuki Ib\u00e9rica, al finalizar el Rallye de Ferrol, lideraba la clasificaci\u00f3n de la Copa de Espa\u00f1a de dos ruedas motrices, por delante de su compa\u00f1ero de equipo, el andorrano Joan Vinyes.<\/p>\n<p>En la clasificaci\u00f3n general terminaba en la quinta posici\u00f3n, en una prueba puntuable para el Campeonato de Espa\u00f1a de Rallyes, que fue ganada por los hermanos Sergio y Diego Vallejo con un Porsche 911 GT3.<\/p>\n<p>El otro equipo bizkaino presente en Ferrol, los hermanos Jes\u00fas y Alejandro P\u00e9rez, terminaban en la octava posici\u00f3n entre los 14 participantes de la Copa  Suzuki Swift y en la vig\u00e9simo primera posici\u00f3n de la clasificaci\u00f3n general.<\/p>\n<p>CLASIFICACI\u00d3N FINAL:<br \/>\n1\u00ba Vallejo-Vallejo (Porsche 911 GT3) 1:45:39.5<br \/>\n2\u00ba P\u00e9rez-Velasco (Peugeot 207 S2000) a 42.0<br \/>\n3\u00ba Hevia-Iglesias (Skoda Fabia S2000) a 1:41.6<br \/>\n4\u00ba Meira-Ba\u00f1obre (Mitsubishi EVO X) a 3:21.9<br \/>\n<strong>5\u00ba Antxustegi-Su\u00e1rez (Suzuki Swift S1600) a 5:06.8<\/strong><br \/>\n<strong>&#8212;&#8212;&#8212;&#8212;&#8212;&#8212;&#8212;&#8212;&#8212;&#8212;&#8212;&#8212;&#8212;&#8212;&#8212;&#8212;&#8212;&#8211;<\/strong><br \/>\n<strong>21\u00ba P\u00e9rez-P\u00e9rez (Suzuki Swift Sport) a 19:34.9<\/strong><\/p>\n","protected":false},"excerpt":{"rendered":"<p>VER FOTOS DEL RALLYE DE FERROL El piloto bizkaino Gorka Antxustegi, copilotado por el asturiano Gabri Su\u00e1rez, con el Suzuki Swift S1600 del equipo oficial Suzuki Ib\u00e9rica, al finalizar el Rallye de Ferrol, lideraba la clasificaci\u00f3n de la Copa de Espa\u00f1a de dos ruedas motrices, por delante de su compa\u00f1ero de equipo, el andorrano Joan [&hellip;]<\/p>\n","protected":false},"author":1,"featured_media":0,"comment_status":"closed","ping_status":"closed","sticky":false,"template":"","format":"standard","meta":{"footnotes":""},"categories":[51,64,5,4,81],"tags":[],"class_list":["post-1094","post","type-post","status-publish","format-standard","hentry","category-antxustegi","category-galicia","category-nacional","category-rallyes","category-txutxi"],"_links":{"self":[{"href":"https:\/\/www.mfoto.es\/noticias\/index.php?rest_route=\/wp\/v2\/posts\/1094","targetHints":{"allow":["GET"]}}],"collection":[{"href":"https:\/\/www.mfoto.es\/noticias\/index.php?rest_route=\/wp\/v2\/posts"}],"about":[{"href":"https:\/\/www.mfoto.es\/noticias\/index.php?rest_route=\/wp\/v2\/types\/post"}],"author":[{"embeddable":true,"href":"https:\/\/www.mfoto.es\/noticias\/index.php?rest_route=\/wp\/v2\/users\/1"}],"replies":[{"embeddable":true,"href":"https:\/\/www.mfoto.es\/noticias\/index.php?rest_route=%2Fwp%2Fv2%2Fcomments&post=1094"}],"version-history":[{"count":0,"href":"https:\/\/www.mfoto.es\/noticias\/index.php?rest_route=\/wp\/v2\/posts\/1094\/revisions"}],"wp:attachment":[{"href":"https:\/\/www.mfoto.es\/noticias\/index.php?rest_route=%2Fwp%2Fv2%2Fmedia&parent=1094"}],"wp:term":[{"taxonomy":"category","embeddable":true,"href":"https:\/\/www.mfoto.es\/noticias\/index.php?rest_route=%2Fwp%2Fv2%2Fcategories&post=1094"},{"taxonomy":"post_tag","embeddable":true,"href":"https:\/\/www.mfoto.es\/noticias\/index.php?rest_route=%2Fwp%2Fv2%2Ftags&post=1094"}],"curies":[{"name":"wp","href":"https:\/\/api.w.org\/{rel}","templated":true}]}}