{"id":1091,"date":"2011-08-18T22:39:09","date_gmt":"2011-08-18T21:39:09","guid":{"rendered":"http:\/\/www.mfoto.es\/2011\/?p=1091"},"modified":"2011-08-18T22:39:09","modified_gmt":"2011-08-18T21:39:09","slug":"los-pilotos-bizkainos-gorka-antxustegi-y-txutxi-perez-en-el-rallye-de-ferrol","status":"publish","type":"post","link":"https:\/\/www.mfoto.es\/noticias\/?p=1091","title":{"rendered":"Los pilotos bizkainos Gorka Antxustegi y Txutxi P\u00e9rez en el Rallye de Ferrol"},"content":{"rendered":"<p><img loading=\"lazy\" decoding=\"async\" class=\"alignnone size-full wp-image-1092\" title=\"059_antxustegi_ferrol\" src=\"https:\/\/www.mfoto.es\/noticias\/wp-content\/uploads_2012\/059_antxustegi_ferrol.jpg\" alt=\"\" width=\"450\" height=\"300\" srcset=\"https:\/\/www.mfoto.es\/noticias\/wp-content\/uploads_2012\/059_antxustegi_ferrol.jpg 450w, https:\/\/www.mfoto.es\/noticias\/wp-content\/uploads_2012\/059_antxustegi_ferrol-300x200.jpg 300w\" sizes=\"auto, (max-width: 450px) 100vw, 450px\" \/><\/p>\n<p>Dos equipos bizkainos est\u00e1n inscritos en el Rallye de Ferrol, que se celebrar\u00e1 este fin de semana, los d\u00edas 19 y 20 de Agosto y que ser\u00e1 la sexta prueba del Campeonato de Espa\u00f1a de Rallyes de Asfalto 2011.<\/p>\n<p>El piloto de Markina, Gorka Antxustegi, copilotado por el asturiano Gabriel Su\u00e1rez, con un Suzuki Swift S1600 del equipo oficial Suzuki Ib\u00e9rica, que ahora mismo ocupa la quinta posici\u00f3n absoluta del Campeonato de Espa\u00f1a de Rallyes y tambi\u00e9n es segundo en la Copa de Espa\u00f1a de dos ruedas motrices.<\/p>\n<p>Los hermanos Txutxi y Alejandro P\u00e9rez de Sodupe, participan dentro de la  Copa Suzuki Swift, con otros 14 equipos inscritos en la copa.<\/p>\n<p>El Rallye de Ferrol consta de 8 tramos cronometrados que suman 161 kil\u00f3metros, para un recorrido total de 463 kil\u00f3metros.<\/p>\n<p>La prueba arrancar\u00e1 el viernes d\u00eda 19, al las 18:00 horas desde el podium situado en la Plaza de Espa\u00f1a de Ferrol y el final de la prueba ser\u00e1 en el mismo lugar a las 14:00 horas del s\u00e1bado d\u00eda 20.<\/p>\n","protected":false},"excerpt":{"rendered":"<p>Dos equipos bizkainos est\u00e1n inscritos en el Rallye de Ferrol, que se celebrar\u00e1 este fin de semana, los d\u00edas 19 y 20 de Agosto y que ser\u00e1 la sexta prueba del Campeonato de Espa\u00f1a de Rallyes de Asfalto 2011. El piloto de Markina, Gorka Antxustegi, copilotado por el asturiano Gabriel Su\u00e1rez, con un Suzuki Swift [&hellip;]<\/p>\n","protected":false},"author":1,"featured_media":0,"comment_status":"closed","ping_status":"closed","sticky":false,"template":"","format":"standard","meta":{"footnotes":""},"categories":[51,64,5,4,81],"tags":[],"class_list":["post-1091","post","type-post","status-publish","format-standard","hentry","category-antxustegi","category-galicia","category-nacional","category-rallyes","category-txutxi"],"_links":{"self":[{"href":"https:\/\/www.mfoto.es\/noticias\/index.php?rest_route=\/wp\/v2\/posts\/1091","targetHints":{"allow":["GET"]}}],"collection":[{"href":"https:\/\/www.mfoto.es\/noticias\/index.php?rest_route=\/wp\/v2\/posts"}],"about":[{"href":"https:\/\/www.mfoto.es\/noticias\/index.php?rest_route=\/wp\/v2\/types\/post"}],"author":[{"embeddable":true,"href":"https:\/\/www.mfoto.es\/noticias\/index.php?rest_route=\/wp\/v2\/users\/1"}],"replies":[{"embeddable":true,"href":"https:\/\/www.mfoto.es\/noticias\/index.php?rest_route=%2Fwp%2Fv2%2Fcomments&post=1091"}],"version-history":[{"count":0,"href":"https:\/\/www.mfoto.es\/noticias\/index.php?rest_route=\/wp\/v2\/posts\/1091\/revisions"}],"wp:attachment":[{"href":"https:\/\/www.mfoto.es\/noticias\/index.php?rest_route=%2Fwp%2Fv2%2Fmedia&parent=1091"}],"wp:term":[{"taxonomy":"category","embeddable":true,"href":"https:\/\/www.mfoto.es\/noticias\/index.php?rest_route=%2Fwp%2Fv2%2Fcategories&post=1091"},{"taxonomy":"post_tag","embeddable":true,"href":"https:\/\/www.mfoto.es\/noticias\/index.php?rest_route=%2Fwp%2Fv2%2Ftags&post=1091"}],"curies":[{"name":"wp","href":"https:\/\/api.w.org\/{rel}","templated":true}]}}