{"id":1045,"date":"2011-07-25T09:52:04","date_gmt":"2011-07-25T08:52:04","guid":{"rendered":"http:\/\/www.mfoto.es\/2011\/?p=1045"},"modified":"2011-07-25T09:52:04","modified_gmt":"2011-07-25T08:52:04","slug":"javier-espana-se-impone-en-el-rallye-de-saron","status":"publish","type":"post","link":"https:\/\/www.mfoto.es\/noticias\/?p=1045","title":{"rendered":"Javier Espa\u00f1a se impone en el Rallye de Sar\u00f3n"},"content":{"rendered":"<p><img loading=\"lazy\" decoding=\"async\" class=\"alignleft\" src=\"https:\/\/www.mfoto.es\/logos\/foto.gif\" alt=\"\" width=\"50\" height=\"36\" \/><\/p>\n<p><a href=\"https:\/\/www.mfoto.es\/fotos\/2011\/034_saron\/index.html\">VER FOTOS DEL RALLYE DE SAR\u00d3N<\/a><\/p>\n<p><img loading=\"lazy\" decoding=\"async\" class=\"alignnone size-full wp-image-1046\" title=\"052_espana_saron\" src=\"https:\/\/www.mfoto.es\/noticias\/wp-content\/uploads_2012\/052_espana_saron.jpg\" alt=\"\" width=\"450\" height=\"300\" srcset=\"https:\/\/www.mfoto.es\/noticias\/wp-content\/uploads_2012\/052_espana_saron.jpg 450w, https:\/\/www.mfoto.es\/noticias\/wp-content\/uploads_2012\/052_espana_saron-300x200.jpg 300w\" sizes=\"auto, (max-width: 450px) 100vw, 450px\" \/><\/p>\n<p>Javier Espa\u00f1a consegu\u00eda ganar a Eugenio Mantec\u00f3n, ambos con Mitsubishi EVO X, a pesar de ganar este \u00faltimo cinco de los ocho tramos cronometrados, para terminar con una ventaja de s\u00f3lo 1,3 segundos. La tercera plaza era para Jonathan Cabo con un Renault Clio Sport a 2:53.3. Finalizaron la prueba 37 equipos de los 60 que tomaron la salida.<\/p>\n<p>CLASIFICACI\u00d3N:<br \/>\n1\u00ba Espa\u00f1a-Garc\u00eda (Mitsubishi Evo X) 48:05<br \/>\n2\u00ba Mantec\u00f3n-Noriega (Mitsubishi Evo X) a 1.3<br \/>\n3\u00ba Cabo-Gonz\u00e1lez (Renault Clio Sport) a 2:53.3<br \/>\n4\u00ba Corona-Fern\u00e1ndez (Renault Clio Sport) a 3:17.8<br \/>\n5\u00ba Diego-Diego (Renault Twingo) a 3:21.2<\/p>\n","protected":false},"excerpt":{"rendered":"<p>VER FOTOS DEL RALLYE DE SAR\u00d3N Javier Espa\u00f1a consegu\u00eda ganar a Eugenio Mantec\u00f3n, ambos con Mitsubishi EVO X, a pesar de ganar este \u00faltimo cinco de los ocho tramos cronometrados, para terminar con una ventaja de s\u00f3lo 1,3 segundos. La tercera plaza era para Jonathan Cabo con un Renault Clio Sport a 2:53.3. Finalizaron la [&hellip;]<\/p>\n","protected":false},"author":1,"featured_media":0,"comment_status":"closed","ping_status":"closed","sticky":false,"template":"","format":"standard","meta":{"footnotes":""},"categories":[10,4],"tags":[],"class_list":["post-1045","post","type-post","status-publish","format-standard","hentry","category-cantabria","category-rallyes"],"_links":{"self":[{"href":"https:\/\/www.mfoto.es\/noticias\/index.php?rest_route=\/wp\/v2\/posts\/1045","targetHints":{"allow":["GET"]}}],"collection":[{"href":"https:\/\/www.mfoto.es\/noticias\/index.php?rest_route=\/wp\/v2\/posts"}],"about":[{"href":"https:\/\/www.mfoto.es\/noticias\/index.php?rest_route=\/wp\/v2\/types\/post"}],"author":[{"embeddable":true,"href":"https:\/\/www.mfoto.es\/noticias\/index.php?rest_route=\/wp\/v2\/users\/1"}],"replies":[{"embeddable":true,"href":"https:\/\/www.mfoto.es\/noticias\/index.php?rest_route=%2Fwp%2Fv2%2Fcomments&post=1045"}],"version-history":[{"count":0,"href":"https:\/\/www.mfoto.es\/noticias\/index.php?rest_route=\/wp\/v2\/posts\/1045\/revisions"}],"wp:attachment":[{"href":"https:\/\/www.mfoto.es\/noticias\/index.php?rest_route=%2Fwp%2Fv2%2Fmedia&parent=1045"}],"wp:term":[{"taxonomy":"category","embeddable":true,"href":"https:\/\/www.mfoto.es\/noticias\/index.php?rest_route=%2Fwp%2Fv2%2Fcategories&post=1045"},{"taxonomy":"post_tag","embeddable":true,"href":"https:\/\/www.mfoto.es\/noticias\/index.php?rest_route=%2Fwp%2Fv2%2Ftags&post=1045"}],"curies":[{"name":"wp","href":"https:\/\/api.w.org\/{rel}","templated":true}]}}