{"id":1039,"date":"2011-07-24T16:33:36","date_gmt":"2011-07-24T15:33:36","guid":{"rendered":"http:\/\/www.mfoto.es\/2011\/?p=1039"},"modified":"2011-07-24T16:33:36","modified_gmt":"2011-07-24T15:33:36","slug":"victoria-de-alberto-alonso-en-san-asensio","status":"publish","type":"post","link":"https:\/\/www.mfoto.es\/noticias\/?p=1039","title":{"rendered":"Victoria de Alberto Alonso en San Asensio"},"content":{"rendered":"<p><img loading=\"lazy\" decoding=\"async\" class=\"alignleft\" src=\"https:\/\/www.mfoto.es\/logos\/foto.gif\" alt=\"\" width=\"50\" height=\"36\" \/><\/p>\n<p><a href=\"https:\/\/www.mfoto.es\/fotos\/2011\/033_san_asensio\/index.html\">VER FOTOS DEL TRAMO DE TIERRA DE SAN ASENSIO<\/a><\/p>\n<p><img loading=\"lazy\" decoding=\"async\" class=\"alignnone size-full wp-image-1040\" title=\"051_alonso_san_asensio\" src=\"https:\/\/www.mfoto.es\/noticias\/wp-content\/uploads_2012\/051_alonso_san_asensio.jpg\" alt=\"\" width=\"450\" height=\"300\" srcset=\"https:\/\/www.mfoto.es\/noticias\/wp-content\/uploads_2012\/051_alonso_san_asensio.jpg 450w, https:\/\/www.mfoto.es\/noticias\/wp-content\/uploads_2012\/051_alonso_san_asensio-300x200.jpg 300w\" sizes=\"auto, (max-width: 450px) 100vw, 450px\" \/><\/p>\n<p>Los bizkainos Alberto Alonso y Alex Segura con el Mitsubishi EVO VIII, consegu\u00edan la victoria en el V Tramo de Tierra de San Asensio. A ocho segundos se clasificaban en segunda posici\u00f3n los catalanes Jordi Nualart y Franc Oliver sobre un Seat Ibiza Cupra y la tercera plaza era para los tambi\u00e9n catalanes Marc y Lidia Montaner con un Renault Clio Sport a 24 segundos. La prueba cont\u00f3 con 21 equipos inscritos de los que terminaron 18.<\/p>\n<p>CLASIFICACI\u00d3N:<br \/>\n1\u00ba Alonso-Segura (Mitsubishi Evo VIII) 21:18<br \/>\n2\u00ba Nualart-Oliver (Seat Ibiza Cupra) 21:26<br \/>\n3\u00ba Montaner-Montaner (Renault Clio Sport) 21:42<br \/>\n4\u00ba Saenz-L\u00f3pez (seat Ibiza 1.8T) 21:46<br \/>\n5\u00ba Del Cid-Carrero (Citroen C2 R2) 21:55<br \/>\n6\u00ba Gil-San Juan\u00a0(VW Golf GTI) 21:57<br \/>\n7\u00ba Est\u00e9vez-Arag\u00f3n (Mitsubishi Evo IX) 21:58<br \/>\n8\u00ba Blanco-Pel\u00e1ez (Seat Ibiza Junior) 22:32<br \/>\n9\u00ba Garc\u00eda-Aguado ((Mitsubishi Evo IX) 22:39<br \/>\n10\u00ba Cort\u00e1zar-Valladares (Citroen Saxo VTS) 23:28<\/p>\n","protected":false},"excerpt":{"rendered":"<p>VER FOTOS DEL TRAMO DE TIERRA DE SAN ASENSIO Los bizkainos Alberto Alonso y Alex Segura con el Mitsubishi EVO VIII, consegu\u00edan la victoria en el V Tramo de Tierra de San Asensio. A ocho segundos se clasificaban en segunda posici\u00f3n los catalanes Jordi Nualart y Franc Oliver sobre un Seat Ibiza Cupra y la [&hellip;]<\/p>\n","protected":false},"author":1,"featured_media":0,"comment_status":"closed","ping_status":"closed","sticky":false,"template":"","format":"standard","meta":{"footnotes":""},"categories":[63,103,31,4,19],"tags":[],"class_list":["post-1039","post","type-post","status-publish","format-standard","hentry","category-alonso","category-del-cid","category-la-rioja","category-rallyes","category-tierra"],"_links":{"self":[{"href":"https:\/\/www.mfoto.es\/noticias\/index.php?rest_route=\/wp\/v2\/posts\/1039","targetHints":{"allow":["GET"]}}],"collection":[{"href":"https:\/\/www.mfoto.es\/noticias\/index.php?rest_route=\/wp\/v2\/posts"}],"about":[{"href":"https:\/\/www.mfoto.es\/noticias\/index.php?rest_route=\/wp\/v2\/types\/post"}],"author":[{"embeddable":true,"href":"https:\/\/www.mfoto.es\/noticias\/index.php?rest_route=\/wp\/v2\/users\/1"}],"replies":[{"embeddable":true,"href":"https:\/\/www.mfoto.es\/noticias\/index.php?rest_route=%2Fwp%2Fv2%2Fcomments&post=1039"}],"version-history":[{"count":0,"href":"https:\/\/www.mfoto.es\/noticias\/index.php?rest_route=\/wp\/v2\/posts\/1039\/revisions"}],"wp:attachment":[{"href":"https:\/\/www.mfoto.es\/noticias\/index.php?rest_route=%2Fwp%2Fv2%2Fmedia&parent=1039"}],"wp:term":[{"taxonomy":"category","embeddable":true,"href":"https:\/\/www.mfoto.es\/noticias\/index.php?rest_route=%2Fwp%2Fv2%2Fcategories&post=1039"},{"taxonomy":"post_tag","embeddable":true,"href":"https:\/\/www.mfoto.es\/noticias\/index.php?rest_route=%2Fwp%2Fv2%2Ftags&post=1039"}],"curies":[{"name":"wp","href":"https:\/\/api.w.org\/{rel}","templated":true}]}}