{"id":1008,"date":"2011-06-27T09:00:51","date_gmt":"2011-06-27T08:00:51","guid":{"rendered":"http:\/\/www.mfoto.es\/2011\/?p=1008"},"modified":"2011-06-27T09:00:51","modified_gmt":"2011-06-27T08:00:51","slug":"javi-espana-vence-en-el-rallye-real-valle-de-carriedo","status":"publish","type":"post","link":"https:\/\/www.mfoto.es\/noticias\/?p=1008","title":{"rendered":"Javi Espa\u00f1a vence en el Rallye Real Valle de Carriedo"},"content":{"rendered":"<p><img loading=\"lazy\" decoding=\"async\" class=\"alignleft\" src=\"https:\/\/www.mfoto.es\/logos\/foto.gif\" alt=\"\" width=\"50\" height=\"36\" \/><\/p>\n<p><a href=\"https:\/\/www.mfoto.es\/fotos\/2011\/028_carriedo\/index.html\">VER FOTOS DEL RALLYE REAL VALLE DE CARRIEDO<\/a><\/p>\n<p><img loading=\"lazy\" decoding=\"async\" class=\"alignnone size-full wp-image-1009\" title=\"046_espana_carriedo\" src=\"https:\/\/www.mfoto.es\/noticias\/wp-content\/uploads_2012\/046_espana_carriedo.jpg\" alt=\"\" width=\"450\" height=\"300\" srcset=\"https:\/\/www.mfoto.es\/noticias\/wp-content\/uploads_2012\/046_espana_carriedo.jpg 450w, https:\/\/www.mfoto.es\/noticias\/wp-content\/uploads_2012\/046_espana_carriedo-300x200.jpg 300w\" sizes=\"auto, (max-width: 450px) 100vw, 450px\" \/><\/p>\n<p>Dominio absoluto de Javi Espa\u00f1a con el Mitsubishi EVO X en el rallye de casa.<br \/>\nPor detr\u00e1s pelea inicial entre Jonathan cabo con el Renault Clio Sport y Dani Pe\u00f1a con el Citroen C2 R2 hasta el abandono de Cabo en el tercer tramo. Al final Dani Pe\u00f1a era segundo y la tercera plaza era para Angel Arroyo con un Renault Clio Sport.<\/p>\n<p>El Memorial Cristian L\u00f3pez estuvo muy disputado hasta el final, C\u00e9sar Canales quedaba primero con un Citroen AX Sport seguido a una d\u00e9cima por Borja Pelayo con Peugeot 205 Rallye.<\/p>\n<p>CLASIFICACI\u00d3N:<br \/>\n1\u00ba Espa\u00f1a-Garc\u00eda (Mitsubishi Evo X) 39:23.3<br \/>\n2\u00ba Pe\u00f1a-Marcos (citroen C2 R2 Max)a 00:52.6<br \/>\n3\u00ba Arroyo-R\u00edos (Renault Clio Sport) a 03:40.1<br \/>\n4\u00ba Pelayo-Fuentes (Peugeot 205 Rallye) a 03:58.8<br \/>\n5\u00ba Canales-P\u00e9rez (Citroen AX Sport) a 03:58.9<\/p>\n","protected":false},"excerpt":{"rendered":"<p>VER FOTOS DEL RALLYE REAL VALLE DE CARRIEDO Dominio absoluto de Javi Espa\u00f1a con el Mitsubishi EVO X en el rallye de casa. Por detr\u00e1s pelea inicial entre Jonathan cabo con el Renault Clio Sport y Dani Pe\u00f1a con el Citroen C2 R2 hasta el abandono de Cabo en el tercer tramo. Al final Dani [&hellip;]<\/p>\n","protected":false},"author":1,"featured_media":0,"comment_status":"closed","ping_status":"closed","sticky":false,"template":"","format":"standard","meta":{"footnotes":""},"categories":[10,4],"tags":[],"class_list":["post-1008","post","type-post","status-publish","format-standard","hentry","category-cantabria","category-rallyes"],"_links":{"self":[{"href":"https:\/\/www.mfoto.es\/noticias\/index.php?rest_route=\/wp\/v2\/posts\/1008","targetHints":{"allow":["GET"]}}],"collection":[{"href":"https:\/\/www.mfoto.es\/noticias\/index.php?rest_route=\/wp\/v2\/posts"}],"about":[{"href":"https:\/\/www.mfoto.es\/noticias\/index.php?rest_route=\/wp\/v2\/types\/post"}],"author":[{"embeddable":true,"href":"https:\/\/www.mfoto.es\/noticias\/index.php?rest_route=\/wp\/v2\/users\/1"}],"replies":[{"embeddable":true,"href":"https:\/\/www.mfoto.es\/noticias\/index.php?rest_route=%2Fwp%2Fv2%2Fcomments&post=1008"}],"version-history":[{"count":0,"href":"https:\/\/www.mfoto.es\/noticias\/index.php?rest_route=\/wp\/v2\/posts\/1008\/revisions"}],"wp:attachment":[{"href":"https:\/\/www.mfoto.es\/noticias\/index.php?rest_route=%2Fwp%2Fv2%2Fmedia&parent=1008"}],"wp:term":[{"taxonomy":"category","embeddable":true,"href":"https:\/\/www.mfoto.es\/noticias\/index.php?rest_route=%2Fwp%2Fv2%2Fcategories&post=1008"},{"taxonomy":"post_tag","embeddable":true,"href":"https:\/\/www.mfoto.es\/noticias\/index.php?rest_route=%2Fwp%2Fv2%2Ftags&post=1008"}],"curies":[{"name":"wp","href":"https:\/\/api.w.org\/{rel}","templated":true}]}}